{"id":103,"date":"2024-06-12T19:02:20","date_gmt":"2024-06-12T19:02:20","guid":{"rendered":"http:\/\/ainewsopen.com.ar\/junin\/?p=103"},"modified":"2024-06-12T19:02:20","modified_gmt":"2024-06-12T19:02:20","slug":"sin-el-acompanamiento-de-la-libertad-avanza-el-concejo-deliberante-de-junin-manifesto-su-preocupacion-por-el-achicamiento-del-correo-argentino","status":"publish","type":"post","link":"http:\/\/ainewsopen.com.ar\/junin\/sin-el-acompanamiento-de-la-libertad-avanza-el-concejo-deliberante-de-junin-manifesto-su-preocupacion-por-el-achicamiento-del-correo-argentino\/","title":{"rendered":"Sin el acompa\u00f1amiento de la Libertad Avanza, el Concejo Deliberante de Jun\u00edn manifest\u00f3 su preocupaci\u00f3n por el achicamiento del Correo Argentino"},"content":{"rendered":"\n<p>Los bloques de Juntos por el Cambio y Uni\u00f3n Por la Patria aprobaron una resoluci\u00f3n dirigida al gobierno nacional. El cuerpo deliberativo comunal juninense manifest\u00f3 \u00abla necesidad de revisar las medidas llevadas adelante por el gobierno nacional respecto del Correo Argentino a fin de resguardar y preservar el servicio p\u00fablico esencial\u00bb.<\/p>\n\n\n\n<p>El Concejo Deliberante de Jun\u00edn aprob\u00f3 en la sesi\u00f3n de este martes un proyecto de resoluci\u00f3n en el cual se manifiesta que el cuerpo expresa \u00absu m\u00e1s profunda preocupaci\u00f3n por las medidas dispuestas por el gobierno nacional respecto del Correo Argentino donde los despidos y\/ o retiros voluntarios dispuestos no solamente acarrean la perdida de trabajo y consecuente dificultad para la reinserci\u00f3n laboral del personal sino que provocan el cierre de sucursales en localidades del interior del pa\u00eds, en particular las m\u00e1s peque\u00f1as, donde en muchos casos constituyen el \u00fanico medio para la correspondencia, comunicaci\u00f3n, encomienda y percepci\u00f3n de asignaciones sociales, contribuyendo al aislamiento y desarraigo de estas comunidades\u00bb.<\/p>\n\n\n\n<p>Por el art\u00edculo segundo, el cuerpo deliberativo comunal juninense manifest\u00f3 \u00abla necesidad de revisar las medidas llevadas adelante por el gobierno nacional respecto del Correo Argentino a fin de resguardar y preservar el servicio p\u00fablico esencial que presta en particular hacia el interior del pa\u00eds como respecto de la situaci\u00f3n empleo y prestaci\u00f3n de los recursos humanos, sin los cuales el mismo no puede llevarse adelante\u00bb.<\/p>\n\n\n\n<p>Se remitir\u00e1n copias de la resoluci\u00f3n aprobada por mayor\u00eda este martes al Poder Ejecutivo Nacional, Jafatura de Gabinete de Ministros y Concejos Deliberantes de la provincia de Buenos Aires.<\/p>\n\n\n\n<p>Durante el tratamiento del tema que fue presentado por el presidente de la comisi\u00f3n respectiva, Juan Pablo Itoiz, hicieron uso de la palabra la concejal Maia Leiva (Uni\u00f3n por la Patria) quien indic\u00f3 que \u00ablas medidas del gobierno nacional nos genera preocupaci\u00f3n\u00bb, Victoria Muffarotto (Uni\u00f3n por la Patria) quien sostuvo: \u00abEsto se llama ajuste, desmantelamiento. Esto ya lo vivimos con la excusa de hacer m\u00e1s eficiente el Estado\u00bb, Rodrigo Esponda (Juntos por el Cambio) expresando que \u00abacompa\u00f1amos el proyecto porque nos genera mucha incertidumbre de c\u00f3mo se prestar\u00e1 el servicio\u00bb.<\/p>\n\n\n\n<p><strong>VERONELLI: \u00abPAGAN JUSTOS POR PECADORES\u00bb<\/strong><\/p>\n\n\n\n<p>El proyecto fue aprobado por el voto mayoritario de los concejales de Juntos por el Cambio y Uni\u00f3n por la Patria pero no tuvo el acompa\u00f1amiento de los dos ediles de La Libertad Avanza, Juan Manuel Cornaglia y Bel\u00e9n Veronelli quien hizo uso de la palabra en el tratamiento del tema y dijo que \u00abel Correo es importante para la ciudad y los pueblos para la conexi\u00f3n y hay que recordar el d\u00e9ficit generado en el Estado por una mala administraci\u00f3n a trav\u00e9s del mecanismo populista de meter gente y hoy est\u00e1n pagando justos por pecadores\u00bb.<\/p>\n\n\n\n<p>\u00abEn 2023 el Correo Argentino tuvo un d\u00e9ficit de cien mil millones y estaba previsto para 2024 222 mil millones de pesos de deficit\u00bb sigui\u00f3 diciendo la edil libertaria recordando que compar\u00f3 la cantidad de empleados de Correo Argentino con 14 mil empleados contra 6.500 empleados el correo privado de OCA y 4.400 empleados el correo privado de Andreani.<\/p>\n\n\n\n<p>\u00abRealmente es importante el Correo para las elecciones y dem\u00e1s pero el env\u00edo de cartas se redujo un 80% en los \u00faltimos a\u00f1os -sigui\u00f3 diciendo Veronelli- y subsiste el Correo Argentino por paqueter\u00eda y Mercado Libre, es decir, el comercio electr\u00f3nico. El propio Estado en a\u00f1os previos, lo que es la entrega de DNI y Pasaportes lo entrega por Correo Argentino y lo que es urgente lo hace por correo privado, lo que habla de ineficiencia\u00bb.<\/p>\n\n\n\n<p>Adem\u00e1s mencion\u00f3 que en el proceso que est\u00e1 realizando el gobierno nacional en relaci\u00f3n a Correo Argentino, \u00abse procura hacerlo m\u00e1s eficiente. En los lugares donde cerraron las oficinas se abrir\u00e1n bocas de atenci\u00f3n en comercios&nbsp; que se adherir\u00e1n, y eso permitir\u00e1 que el Correo Argentino llegue a m\u00e1s localidades donde hoy no existe y de las 1.400 bocas, llegue a 5 mil bocas de atenci\u00f3n que es lo que est\u00e1 previsto. Ese es el proceso de modernizaci\u00f3n previsto para el Correo Argentino\u00bb, detall\u00f3.<\/p>\n\n\n\n<p>En una segunda intervenci\u00f3n la concejal Veronelli agreg\u00f3 que \u00ablas privatizaciones se hicieron durante un gobierno peronista (en alusi\u00f3n a Carlos Menem) y realmente me parece muy necio no reconocer el estado en que dejaron el pa\u00eds por todas las empresas estatales deficitarias\u00bb, indic\u00f3.<\/p>\n","protected":false},"excerpt":{"rendered":"<p>Los bloques de Juntos por el Cambio y Uni\u00f3n Por la Patria aprobaron una resoluci\u00f3n dirigida al gobierno<\/p>\n","protected":false},"author":2,"featured_media":104,"comment_status":"open","ping_status":"open","sticky":false,"template":"","format":"standard","meta":{"footnotes":""},"categories":[4],"tags":[],"class_list":["post-103","post","type-post","status-publish","format-standard","has-post-thumbnail","hentry","category-junin"],"_links":{"self":[{"href":"http:\/\/ainewsopen.com.ar\/junin\/wp-json\/wp\/v2\/posts\/103","targetHints":{"allow":["GET"]}}],"collection":[{"href":"http:\/\/ainewsopen.com.ar\/junin\/wp-json\/wp\/v2\/posts"}],"about":[{"href":"http:\/\/ainewsopen.com.ar\/junin\/wp-json\/wp\/v2\/types\/post"}],"author":[{"embeddable":true,"href":"http:\/\/ainewsopen.com.ar\/junin\/wp-json\/wp\/v2\/users\/2"}],"replies":[{"embeddable":true,"href":"http:\/\/ainewsopen.com.ar\/junin\/wp-json\/wp\/v2\/comments?post=103"}],"version-history":[{"count":1,"href":"http:\/\/ainewsopen.com.ar\/junin\/wp-json\/wp\/v2\/posts\/103\/revisions"}],"predecessor-version":[{"id":105,"href":"http:\/\/ainewsopen.com.ar\/junin\/wp-json\/wp\/v2\/posts\/103\/revisions\/105"}],"wp:featuredmedia":[{"embeddable":true,"href":"http:\/\/ainewsopen.com.ar\/junin\/wp-json\/wp\/v2\/media\/104"}],"wp:attachment":[{"href":"http:\/\/ainewsopen.com.ar\/junin\/wp-json\/wp\/v2\/media?parent=103"}],"wp:term":[{"taxonomy":"category","embeddable":true,"href":"http:\/\/ainewsopen.com.ar\/junin\/wp-json\/wp\/v2\/categories?post=103"},{"taxonomy":"post_tag","embeddable":true,"href":"http:\/\/ainewsopen.com.ar\/junin\/wp-json\/wp\/v2\/tags?post=103"}],"curies":[{"name":"wp","href":"https:\/\/api.w.org\/{rel}","templated":true}]}}