{"id":106,"date":"2024-06-13T19:16:36","date_gmt":"2024-06-13T19:16:36","guid":{"rendered":"http:\/\/ainewsopen.com.ar\/junin\/?p=106"},"modified":"2024-06-13T19:16:37","modified_gmt":"2024-06-13T19:16:37","slug":"desarrollo-humano-junin-fortalece-vinculos-con-municipios-de-la-zona-y-la-ciudad-de-buenos-aires","status":"publish","type":"post","link":"http:\/\/ainewsopen.com.ar\/junin\/desarrollo-humano-junin-fortalece-vinculos-con-municipios-de-la-zona-y-la-ciudad-de-buenos-aires\/","title":{"rendered":"Desarrollo Humano: Jun\u00edn fortalece v\u00ednculos con municipios de la zona y la Ciudad de Buenos Aires"},"content":{"rendered":"\n<p>Se desarroll\u00f3 una jornada de trabajo en conjunto con el ministerio de Desarrollo Humano porte\u00f1o. Tambi\u00e9n participaron representantes de las carteras de Desarrollo Humano de los municipios de Florentino Ameghino, General Viamonte y 9 de Julio.<\/p>\n\n\n\n<p>Integrantes de Secretar\u00eda de Desarrollo Humano del Gobierno de Jun\u00edn, fueron recibidas en la ciudad de Buenos Aires por el ministro de Desarrollo Humano y H\u00e1bitat, Gabriel Mraida, con el fin de conocer los diferentes ejes que se trabajan desde desde esa \u00e1rea, principalmente en las pol\u00edticas p\u00fablicas referidas a tem\u00e1ticas como personas en situaci\u00f3n de calle, primeras infancias y adicciones.<\/p>\n\n\n\n<p>De la jornada de trabajo tambi\u00e9n participaron representantes de las carteras de Desarrollo Humano de los municipios de Florentino Ameghino, General Viamonte y 9 de Julio.<\/p>\n\n\n\n<p>La visita sirvi\u00f3 para conocer los distintos programas que se aplican desde el Ministerio, poder trabajar articuladamente con CABA y bajar recursos para Jun\u00edn. Desde el \u00e1rea local afirmaron que \u201cesto fue ideado por una pol\u00edtica que lleva adelante el intendente Pablo Petrecca sobre desarrollo humano, en pos de optimizar y reforzar el acompa\u00f1amiento a los vecinos y el trabajo conjunto con los municipios vecinos\u201d.<\/p>\n\n\n\n<p>https:\/\/googleads.g.doubleclick.net\/pagead\/ads?gdpr=0&#038;client=ca-pub-6287886914781252&#038;output=html&#038;h=200&#038;slotname=9158111237&#038;adk=148265126&#038;adf=1835477274&#038;pi=t.ma~as.9158111237&#038;w=968&#038;abgtt=6&#038;fwrn=4&#038;lmt=1718306143&#038;rafmt=11&#038;format=968&#215;200&#038;url=https%3A%2F%2Fjunin24.com%2Flocales%2Fdesarrollo-humano-junin-fortalece-vinculos-con-municipios-de-la-zona-y-la-ciudad-de-buenos-aires%2F&#038;wgl=1&#038;uach=WyJXaW5kb3dzIiwiMTAuMC4wIiwieDg2IiwiIiwiMTI1LjAuNjQyMi4xNDQiLG51bGwsMCxudWxsLCI2NCIsW1siR29vZ2xlIENocm9tZSIsIjEyNS4wLjY0MjIuMTQ0Il0sWyJDaHJvbWl1bSIsIjEyNS4wLjY0MjIuMTQ0Il0sWyJOb3QuQS9CcmFuZCIsIjI0LjAuMC4wIl1dLDFd&#038;dt=1718306137111&#038;bpp=1&#038;bdt=103&#038;idt=215&#038;shv=r20240610&#038;mjsv=m202406110101&#038;ptt=9&#038;saldr=aa&#038;abxe=1&#038;cookie=ID%3Dcf885c70dd08c4d7%3AT%3D1711045035%3ART%3D1718306080%3AS%3DALNI_MYe9Rwx-4MmUVYYwzFDYBqy0SsqcQ&#038;gpic=UID%3D00000dc922b8b284%3AT%3D1711045035%3ART%3D1718306080%3AS%3DALNI_MZussMi_nZK4CPNLATWYftHNn1Ipg&#038;eo_id_str=ID%3D2dafa6fc6b34eb72%3AT%3D1710785343%3ART%3D1718306080%3AS%3DAA-Afja11Sgdaly15w_vjqpzW1u7&#038;prev_fmts=0x0%2C968x280%2C632x280&#038;nras=1&#038;correlator=2626796578493&#038;frm=20&#038;pv=1&#038;ga_vid=1762603775.1677279650&#038;ga_sid=1718306137&#038;ga_hid=132632843&#038;ga_fc=1&#038;rplot=4&#038;u_tz=-180&#038;u_his=1&#038;u_h=1080&#038;u_w=1920&#038;u_ah=1040&#038;u_aw=1920&#038;u_cd=24&#038;u_sd=1&#038;dmc=8&#038;adx=302&#038;ady=2163&#038;biw=1903&#038;bih=953&#038;scr_x=0&#038;scr_y=0&#038;eid=44759875%2C44759926%2C44759837%2C44798934%2C95331689%2C95331696%2C95334508%2C95334527%2C95334572%2C31084470%2C95334054%2C95335290%2C31078663%2C31078665%2C31078668%2C31078670&#038;oid=2&#038;psts=AOrYGsnSG7ziLdrDNOoovbf2ZJqzaYbs0RWCVETDLvBOooL0jhMlk9Efaobnghq5maZNVCXkcOat9okfgD0kP6PUf0Eh76I3&#038;pvsid=4311762053557816&#038;tmod=1070427162&#038;uas=0&#038;nvt=1&#038;ref=https%3A%2F%2Fjunin24.com%2F&#038;fc=1920&#038;brdim=0%2C0%2C0%2C0%2C1920%2C0%2C0%2C0%2C1920%2C953&#038;vis=1&#038;rsz=%7C%7CEebr%7C&#038;abl=CS&#038;pfx=0&#038;fu=128&#038;bc=31&#038;bz=0&#038;td=1&#038;tdf=2&#038;psd=W251bGwsbnVsbCxudWxsLDNd&#038;nt=1&#038;ifi=4&#038;uci=a!4&#038;btvi=2&#038;fsb=1&#038;dtd=6661<\/p>\n\n\n\n<p>Los participantes de la dependencia municipal que asistieron al encuentro fueron: Melina Fiel y Mar\u00eda Galante, titulares de la secretar\u00eda de Desarrollo Humano, Ver\u00f3nica Ferrarezi, Directora de Educaci\u00f3n y Marlene de Carlo, del Servicio local.<\/p>\n\n\n\n<p>A prop\u00f3sito de esta jornada de trabajo llevada a cabo en la Ciudad Aut\u00f3noma de Buenos Aires, Melina Fiel, secretaria de Desarrollo Humano, manifest\u00f3: \u201cEstamos muy contentos de haber participado con el equipo del \u00e1rea de esta actividad con un itinerario muy completo, donde nos recibi\u00f3 en Buenos Aires el ministro de Desarrollo Humano y H\u00e1bitat, Gabriel Mraida, con el prop\u00f3sito de continuar trabajando en los diferentes proyectos que pusimos sobre la mesa en el primer encuentro que tuvimos con las secretarias que pertenecen a la cuarta, Nueve de julio, General Viamonte y Florentino Ameghino\u201d.<\/p>\n\n\n\n<p>\u201cEsto siempre convoca a hacer foco en las acciones que se llevan adelante y ver c\u00f3mo coordinamos desde cada Municipio ese trabajo para que el resultado sea m\u00e1s efectivo, compartir informaci\u00f3n y relacionarse tanto con Provincia como con Naci\u00f3n, es un tema que conversamos en el primer encuentro y hoy accionamos en esta planificaci\u00f3n que llevamos adelante, nos llena de satisfacci\u00f3n saber que podemos con esto agilizar el trabajo en el territorio\u201d, afirm\u00f3.<\/p>\n\n\n\n<p>A su vez, Fiel cont\u00f3 que \u201cen el recorrido que llevamos adelante visitamos diferentes espacios del ministerio, a fin de conocer las pol\u00edticas p\u00fablicas implementadas por el Gobierno de la Ciudad de Buenos Aires sobre tem\u00e1ticas como personas en situaci\u00f3n de calle y adicciones, una experiencia realmente fruct\u00edfera, hicimos hincapi\u00e9 en seguir trabajando con las primeras infancias, y en ludopat\u00eda, en nuestro encuentro&nbsp; con el ministro pudimos bajar pol\u00edticas para aplicar en Jun\u00edn\u201d.<\/p>\n\n\n\n<p>\u201cEn primer lugar visitamos el Centro de Primera Infancia \u201cTortuga Manuelita\u201d, donde recorrimos las instalaciones del centro, conocimos a los ni\u00f1os y tuvimos la oportunidad tambi\u00e9n de conversar con la directora Lorena Paez y el equipo del centro, en nuestra ciudad es un arista d\u00f3nde venimos trabajando hace mucho tiempo, y en este sentido el intercambio de experiencias es algo que nos enriquece\u201d, explic\u00f3 y luego continu\u00f3: \u201ctambi\u00e9n conocimos el programa de Adicciones \u201cJosu\u00e9\u201d,&nbsp; pasamos por las instalaciones del espacio y charlamos con el equipo t\u00e9cnico, este centro de prevenci\u00f3n, asistencia y capacitaci\u00f3n en adicciones trabaja no solo con la persona con problem\u00e1tica de consumo, sino con toda la familia, desde el Municipio tenemos un fuerte compromiso en llevar adelante esta tem\u00e1tica, sin ir m\u00e1s lejos, la creaci\u00f3n del Dispositivo Municipal para la prevenci\u00f3n, la concientizaci\u00f3n y el aprendizaje ya est\u00e1 en marcha recorriendo diferentes instituciones deportivas, escuelas, y espacios\u201d.<\/p>\n\n\n\n<p>Por otra parte, la Secretar\u00eda del \u00e1rea municipal, se refiri\u00f3 al circuito de asistencia a personas en situaci\u00f3n de calle, y especific\u00f3: \u201cRecorrimos la sede de RED y mantuvimos una charla muy interesante con los trabajadores a fin de conocer el funcionamiento del dispositivo, en este marco conocimos la Red de Atenci\u00f3n en Calle, que es la primera l\u00ednea de atenci\u00f3n para personas en situaci\u00f3n de vulnerabilidad socioecon\u00f3mica y habitacional, luego nos informamos sobre el Dispositivo de Primer Acercamiento (DIPA), que es un centro de atenci\u00f3n social primaria, un espacio de escucha activa, contenci\u00f3n, atenci\u00f3n sanitaria de primer nivel, y facilita el acceso a recursos y programas sociales y, en particular, es un puente para el ingreso a los Centros de Inclusi\u00f3n Social, nosotros desde el Gobierno de Jun\u00edn apuntamos a trabajar con las asociaciones civiles, como est\u00e1n haciendo en CABA, siempre en conjunto, es un complejo mixto entre Estado y estos referentes barriales o centros comunitarios\u201d.<\/p>\n\n\n\n<p>\u201cEn otra instancia estuvimos conociendo en Centro de Inclusi\u00f3n Social \u201cAm\u00e9rica\u201d, un espacio donde pudimos tambi\u00e9n conversar con los habitantes y trabajadores del espacio, ac\u00e1 se reciben personas, y se los acompa\u00f1a, sobre todo en el apoyo integral a cada individuo con el objetivo de fomentar su reintegraci\u00f3n en la sociedad, los CIS cuentan con apoyo educativo para completar la primaria y secundaria, talleres de oficio y capacitaciones laborales, y participaci\u00f3n en actividades culturales y deportivas, cada uno de los Municipios nos llevamos muchas herramientas, el objetivo siempre va a ser optimizar y reforzar el acompa\u00f1amiento a los vecinos de cada Distrito\u201d, sostuvo.<\/p>\n\n\n\n<p>Para finalizar, la funcionaria destac\u00f3 que \u201ctodo este recorrido por diferentes espacios, es un trabajo articuladamente con CABA, donde apuntamos a bajar recursos para Jun\u00edn, junto con los municipios de General Viamonte, Nueve de Julio y Florentino Ameghino, realmente hay un compromiso asumido en la Cuarta Secci\u00f3n, se torna muy positivo ver lo que se est\u00e1 aplicando en otras ciudades y lo mismo desde nuestro lado, esto es lo que nos pide nuestro intendente Pablo Petrecca, estar en contacto no solamente con los vecinos, que es nuestra prioridad y para lo cual estamos como funcionarios, sino poder generar pol\u00edticas p\u00fablicas que apliquen a Jun\u00edn y la cuarta secci\u00f3n en cuanto al Desarrollo Humano, vamos a seguir trabajando en la cercan\u00eda\u201d.<\/p>\n\n\n\n<p><\/p>\n","protected":false},"excerpt":{"rendered":"<p>Se desarroll\u00f3 una jornada de trabajo en conjunto con el ministerio de Desarrollo Humano porte\u00f1o. Tambi\u00e9n participaron representantes<\/p>\n","protected":false},"author":2,"featured_media":107,"comment_status":"open","ping_status":"open","sticky":false,"template":"","format":"standard","meta":{"footnotes":""},"categories":[4],"tags":[],"class_list":["post-106","post","type-post","status-publish","format-standard","has-post-thumbnail","hentry","category-junin"],"_links":{"self":[{"href":"http:\/\/ainewsopen.com.ar\/junin\/wp-json\/wp\/v2\/posts\/106","targetHints":{"allow":["GET"]}}],"collection":[{"href":"http:\/\/ainewsopen.com.ar\/junin\/wp-json\/wp\/v2\/posts"}],"about":[{"href":"http:\/\/ainewsopen.com.ar\/junin\/wp-json\/wp\/v2\/types\/post"}],"author":[{"embeddable":true,"href":"http:\/\/ainewsopen.com.ar\/junin\/wp-json\/wp\/v2\/users\/2"}],"replies":[{"embeddable":true,"href":"http:\/\/ainewsopen.com.ar\/junin\/wp-json\/wp\/v2\/comments?post=106"}],"version-history":[{"count":1,"href":"http:\/\/ainewsopen.com.ar\/junin\/wp-json\/wp\/v2\/posts\/106\/revisions"}],"predecessor-version":[{"id":108,"href":"http:\/\/ainewsopen.com.ar\/junin\/wp-json\/wp\/v2\/posts\/106\/revisions\/108"}],"wp:featuredmedia":[{"embeddable":true,"href":"http:\/\/ainewsopen.com.ar\/junin\/wp-json\/wp\/v2\/media\/107"}],"wp:attachment":[{"href":"http:\/\/ainewsopen.com.ar\/junin\/wp-json\/wp\/v2\/media?parent=106"}],"wp:term":[{"taxonomy":"category","embeddable":true,"href":"http:\/\/ainewsopen.com.ar\/junin\/wp-json\/wp\/v2\/categories?post=106"},{"taxonomy":"post_tag","embeddable":true,"href":"http:\/\/ainewsopen.com.ar\/junin\/wp-json\/wp\/v2\/tags?post=106"}],"curies":[{"name":"wp","href":"https:\/\/api.w.org\/{rel}","templated":true}]}}