{"id":112,"date":"2024-06-13T19:29:32","date_gmt":"2024-06-13T19:29:32","guid":{"rendered":"http:\/\/ainewsopen.com.ar\/junin\/?p=112"},"modified":"2024-06-13T19:29:32","modified_gmt":"2024-06-13T19:29:32","slug":"investigadores-de-comisaria-segunda-lograron-importantes-avances-en-el-robo-a-un-taxista","status":"publish","type":"post","link":"http:\/\/ainewsopen.com.ar\/junin\/investigadores-de-comisaria-segunda-lograron-importantes-avances-en-el-robo-a-un-taxista\/","title":{"rendered":"Investigadores de Comisar\u00eda Segunda lograron importantes avances en el robo a un taxista"},"content":{"rendered":"\n<p>Hubo un allanamiento en la casa de un sujeto que fue aprehendido en Jun\u00edn por su participaci\u00f3n en una tentativa de robo en Lomas de Zamora. En el lugar, los investigadores encontraron elementos de inter\u00e9s para la causa.<\/p>\n\n\n\n<p>Efectivos del Gabinete Investigativo de Comisaria Segunda que trabajan en la investigaci\u00f3n de un il\u00edcito bajo la modalidad de asalto en perjuicio de un taxista ocurrido en abril en el barrio Almirante Brown y tras un trabajo coordinado con efectivos del Comando de Patrullas quienes realizando tareas preventivas identificaron a un persona domiciliada en Jun\u00edn, pero que resulta ser oriunda del Conurbano Bonaerense.<\/p>\n\n\n\n<p>El sujeto ten\u00eda pedido de captura activo por el delito de robo agravado por el empleo de arma en grado de tentativa en concurso real con amenazas, a requerimiento de la Fiscal\u00eda 12 y Juzgado de Garant\u00edas Nro 1 de Lomas de Zamora, por lo que los investigadores con las pruebas recolectadas, trabajos de campo que ven\u00edan realizando y an\u00e1lisis f\u00edlmicos lograron establecer la posible participaci\u00f3n de este sujeto en el hecho, ante lo cual solicitaron a la fiscal\u00eda interviniente, una orden de allanamiento para el domicilio del mismo, la cual fue otorgada por el Juzgado de Garant\u00edas en turno y efectivizada en horas de la ma\u00f1ana por los efectivos a cargo de la pesquisa, personal del Comando de Patrullas y del Grupo Motorizado de la Secci\u00f3n Apoyo de Seguridad Urbana, en una vivienda de calle Almafuerte del barrio Almirante Brown, en donde se procedi\u00f3 al secuestro de elementos de inter\u00e9s para la causa como as\u00ed tambi\u00e9n se procedi\u00f3 al traslado del sujeto de 31 a\u00f1os de edad a sede de Comisaria Segunda a los efectos de ser notificado de la formaci\u00f3n de la causa por el delito de robo calificado, informaron fuentes policiales y de la secretar\u00eda de Seguridad.<\/p>\n","protected":false},"excerpt":{"rendered":"<p>Hubo un allanamiento en la casa de un sujeto que fue aprehendido en Jun\u00edn por su participaci\u00f3n en<\/p>\n","protected":false},"author":2,"featured_media":113,"comment_status":"open","ping_status":"open","sticky":false,"template":"","format":"standard","meta":{"footnotes":""},"categories":[4],"tags":[],"class_list":["post-112","post","type-post","status-publish","format-standard","has-post-thumbnail","hentry","category-junin"],"_links":{"self":[{"href":"http:\/\/ainewsopen.com.ar\/junin\/wp-json\/wp\/v2\/posts\/112","targetHints":{"allow":["GET"]}}],"collection":[{"href":"http:\/\/ainewsopen.com.ar\/junin\/wp-json\/wp\/v2\/posts"}],"about":[{"href":"http:\/\/ainewsopen.com.ar\/junin\/wp-json\/wp\/v2\/types\/post"}],"author":[{"embeddable":true,"href":"http:\/\/ainewsopen.com.ar\/junin\/wp-json\/wp\/v2\/users\/2"}],"replies":[{"embeddable":true,"href":"http:\/\/ainewsopen.com.ar\/junin\/wp-json\/wp\/v2\/comments?post=112"}],"version-history":[{"count":1,"href":"http:\/\/ainewsopen.com.ar\/junin\/wp-json\/wp\/v2\/posts\/112\/revisions"}],"predecessor-version":[{"id":114,"href":"http:\/\/ainewsopen.com.ar\/junin\/wp-json\/wp\/v2\/posts\/112\/revisions\/114"}],"wp:featuredmedia":[{"embeddable":true,"href":"http:\/\/ainewsopen.com.ar\/junin\/wp-json\/wp\/v2\/media\/113"}],"wp:attachment":[{"href":"http:\/\/ainewsopen.com.ar\/junin\/wp-json\/wp\/v2\/media?parent=112"}],"wp:term":[{"taxonomy":"category","embeddable":true,"href":"http:\/\/ainewsopen.com.ar\/junin\/wp-json\/wp\/v2\/categories?post=112"},{"taxonomy":"post_tag","embeddable":true,"href":"http:\/\/ainewsopen.com.ar\/junin\/wp-json\/wp\/v2\/tags?post=112"}],"curies":[{"name":"wp","href":"https:\/\/api.w.org\/{rel}","templated":true}]}}