{"id":117,"date":"2024-06-13T19:50:29","date_gmt":"2024-06-13T19:50:29","guid":{"rendered":"http:\/\/ainewsopen.com.ar\/junin\/?p=117"},"modified":"2024-06-13T19:50:29","modified_gmt":"2024-06-13T19:50:29","slug":"balestrasse-hace-un-ano-los-juninenses-fuimos-victimas-de-la-desidia-y-la-estafa-del-peor-gobierno-de-la-historia-2","status":"publish","type":"post","link":"http:\/\/ainewsopen.com.ar\/junin\/balestrasse-hace-un-ano-los-juninenses-fuimos-victimas-de-la-desidia-y-la-estafa-del-peor-gobierno-de-la-historia-2\/","title":{"rendered":"Balestrasse: \u00abHace un a\u00f1o, los juninenses fuimos v\u00edctimas de la desidia y la estafa del peor gobierno de la historia\u00bb"},"content":{"rendered":"\n<p>De esta manera el ex secretario de Obras y Servicios P\u00fablicos y actual concejal de Juntos por el Cambio se refiri\u00f3 a la paralizada obra del paso bajo nivel. \u00abLa obra deb\u00eda estar finalizada a mediados del 2023 y que los representantes locales del kirchnerismo, que se sacaban fotos con los primeros movimientos de la obra, no s\u00f3lo no asumen ninguna responsabilidad, sino que aparecen descaradamente s\u00f3lo en los medios reclamando, como si ellos no tuvieran nada que ver\u00bb, destac\u00f3.<\/p>\n\n\n\n<p>El actual concejal y ex secretario de Obras P\u00fablicas del Municipio, Marcelo Balestrasse, se refiri\u00f3 a la obra del viaducto tras cumplirse un a\u00f1o del corte total del paso a nivel de calle Rivadavia. \u00abLas peleas internas y el desastre que hicieron durante el gobierno, Sergio Massa, Alberto Fern\u00e1ndez y Cristina Kircher, dejaron prisioneros a los juninenses de esta desidia\u00bb, sostuvo y adem\u00e1s afirm\u00f3 que \u00abel Intendente Petrecca sigue gestionando todos los d\u00edas para encontrar una soluci\u00f3n ante las nuevas autoridades\u00bb.<\/p>\n\n\n\n<p>Primeramente, el Arquitecto Balestrasse, se\u00f1al\u00f3 que \u00abduele ver c\u00f3mo el gobierno kirchnerista falt\u00f3 a la palabra y sin ning\u00fan tipo de previsibilidad, encar\u00f3 una obra que hoy, sin dudas, representa lo que fue, el peor gobierno de la historia, ya que por sus mezquindades pol\u00edticas y el contexto inflacionario que generaron, hicieron que lleguemos al punto al que hemos llegado. Recordemos que la obra deb\u00eda estar finalizada a mediados del 2023 y que los representantes locales del kirchnerismo, que se sacaban fotos con los primeros movimientos de la obra, no s\u00f3lo no asumen ninguna responsabilidad, sino que aparecen descaradamente s\u00f3lo en los medios reclamando, como si ellos no tuvieran nada que ver\u00bb.<\/p>\n\n\n\n<p>Tambi\u00e9n hizo menci\u00f3n a las innumerables gestiones realizadas por el Intendente Pablo Petrecca ante las nuevas autoridades y record\u00f3: \u00abApenas iniciada la nueva gesti\u00f3n y en las medidas que se iban conociendo a los funcionarios de los organismos pertinentes, el intendente Petrecca mantuvo reuniones con las distintas autoridades de la Administraci\u00f3n de Infraestructura Ferroviaria, \u00f3rgano que tiene a cargo la obra y la potestad para continuarla o restablecer el paso\u00bb.<\/p>\n\n\n\n<p>\u00abTambi\u00e9n est\u00e1 en permanente contacto con los representantes de la empresa ejecutora de la obra, con quienes en conjunto, se han presentado a las nuevas autoridades diferentes alternativas de financiamiento para su continuidad, como por ejemplo, pagarle a la empresa con un bono y mientras avance la obra, abonarle intereses, lo mismo hizo la empresa, con una obra de dragado de un r\u00edo que hizo hace algunos a\u00f1os\u00bb, agreg\u00f3.<\/p>\n\n\n\n<p>El concejal Marcelo Balestrasse indic\u00f3 que \u00abtambi\u00e9n, las permanentes gestiones, llevaron a Pablo Petrecca a mantener un encuentro con el anterior Ministro del Interior y actual Jefe de Gabinete, Guillermo Francos, a quien le plante\u00f3 la necesidad y urgencia sobre la continuidad de la obra o bien, restablecer el paso, realizando todas las obras necesarias para eso. A esto, debemos sumarle las gestiones realizadas junto a legisladores de nuestro espacio, como Danya Tavella, Cristian Ritondo y Diego Santilli, para que tambi\u00e9n desde el Congreso, nos ayudaran con este reclamo\u00bb.<\/p>\n\n\n\n<p>\u00abComo siempre dijo Petrecca, la prioridad de su gesti\u00f3n es que la obra contin\u00fae, porque entendemos que muy importante para Jun\u00edn y para eso, todas las semanas viaja a Buenos Aires, nunca lo dej\u00f3 de hacer, desde el 10 de diciembre, pero lamentablemente nunca obtuvo respuestas y nosotros, desde Jun\u00edn, no podemos tomar una decisi\u00f3n que debe tomar el Gobierno nacional y tampoco intervenir, en un espacio que corresponde a la \u00f3rbita nacional\u00bb, asegur\u00f3.<\/p>\n\n\n\n<p>M\u00e1s all\u00e1 de que el deseo es que las obras contin\u00faen, el ex secretario de Obras P\u00fablicas remarc\u00f3: \u00abLos juninenses necesitamos una respuesta y de manera urgente y en este sentido, desde el Municipio, entendiendo el impacto negativo que este corte ha tenido tanto para la movilidad de los vecinos como para la actividad comercial, seguimos exigiendo que esto tenga una resoluci\u00f3n, no vamos a parar hasta que no vuelva a unirse la ciudad\u00bb.<\/p>\n\n\n\n<p><strong>Acompa\u00f1amiento a los comercios afectados<\/strong><\/p>\n\n\n\n<p>Marcelo Balestrasse tambi\u00e9n record\u00f3 que \u00abdesde el primer d\u00eda en el que se interrumpi\u00f3 el tr\u00e1nsito por el paso a nivel de calle Rivadavia, hemos estado al lado de todos los comerciantes, acompa\u00f1\u00e1ndolos con beneficios impositivos y subsidios que les permitieran hacer frente al impacto que generar\u00eda el corte, hoy lo seguimos haciendo y somos lo \u00fanicos, porque si bien hubo muchas fotos y promesas por parte de dirigentes locales del kirchnerismos, nunca cumplieron\u00bb.<\/p>\n","protected":false},"excerpt":{"rendered":"<p>De esta manera el ex secretario de Obras y Servicios P\u00fablicos y actual concejal de Juntos por el<\/p>\n","protected":false},"author":2,"featured_media":118,"comment_status":"open","ping_status":"open","sticky":false,"template":"","format":"standard","meta":{"footnotes":""},"categories":[4],"tags":[],"class_list":["post-117","post","type-post","status-publish","format-standard","has-post-thumbnail","hentry","category-junin"],"_links":{"self":[{"href":"http:\/\/ainewsopen.com.ar\/junin\/wp-json\/wp\/v2\/posts\/117","targetHints":{"allow":["GET"]}}],"collection":[{"href":"http:\/\/ainewsopen.com.ar\/junin\/wp-json\/wp\/v2\/posts"}],"about":[{"href":"http:\/\/ainewsopen.com.ar\/junin\/wp-json\/wp\/v2\/types\/post"}],"author":[{"embeddable":true,"href":"http:\/\/ainewsopen.com.ar\/junin\/wp-json\/wp\/v2\/users\/2"}],"replies":[{"embeddable":true,"href":"http:\/\/ainewsopen.com.ar\/junin\/wp-json\/wp\/v2\/comments?post=117"}],"version-history":[{"count":1,"href":"http:\/\/ainewsopen.com.ar\/junin\/wp-json\/wp\/v2\/posts\/117\/revisions"}],"predecessor-version":[{"id":119,"href":"http:\/\/ainewsopen.com.ar\/junin\/wp-json\/wp\/v2\/posts\/117\/revisions\/119"}],"wp:featuredmedia":[{"embeddable":true,"href":"http:\/\/ainewsopen.com.ar\/junin\/wp-json\/wp\/v2\/media\/118"}],"wp:attachment":[{"href":"http:\/\/ainewsopen.com.ar\/junin\/wp-json\/wp\/v2\/media?parent=117"}],"wp:term":[{"taxonomy":"category","embeddable":true,"href":"http:\/\/ainewsopen.com.ar\/junin\/wp-json\/wp\/v2\/categories?post=117"},{"taxonomy":"post_tag","embeddable":true,"href":"http:\/\/ainewsopen.com.ar\/junin\/wp-json\/wp\/v2\/tags?post=117"}],"curies":[{"name":"wp","href":"https:\/\/api.w.org\/{rel}","templated":true}]}}