{"id":120,"date":"2024-06-14T20:03:52","date_gmt":"2024-06-14T20:03:52","guid":{"rendered":"http:\/\/ainewsopen.com.ar\/junin\/?p=120"},"modified":"2024-06-14T20:03:53","modified_gmt":"2024-06-14T20:03:53","slug":"pareja-de-adultos-mayores-y-un-despertar-violento","status":"publish","type":"post","link":"http:\/\/ainewsopen.com.ar\/junin\/pareja-de-adultos-mayores-y-un-despertar-violento\/","title":{"rendered":"Pareja de adultos mayores y un despertar violento"},"content":{"rendered":"\n<p>Una vez m\u00e1s, la inseguridad repite esta modalidad que tiene a mal traer a funcionarios del Ministerio P\u00fablico Fiscal y a investigadores.<\/p>\n\n\n\n<p>Ocurri\u00f3 en una propiedad ubicada sobre &nbsp;Garc\u00eda Lorca, en el camino al Parque Natura l Laguna de G\u00f3mez.<\/p>\n\n\n\n<p>Esta vez, las v\u00edctimas se encontraban descansando cuando poco despu\u00e9s de las 4 de la madrugada un ruido a vidrios rotos fue el pre anuncio de lo que iba a ocurrir.<\/p>\n\n\n\n<p>Dos sujetos, con la cabeza cubierta al igual que las manos mediante amedrentamiento los obligaron a trasladarse a otra dependencia de la casa, donde los habr\u00edan dejado atados.<\/p>\n\n\n\n<p>El objetivo era claro, llevarse dinero u objetos de valor f\u00e1cilmente transportables.<\/p>\n\n\n\n<p>Alcanzado el cometido \u2013no habr\u00edan encontrado valores importantes-, se dieron a la fuga.<\/p>\n\n\n\n<p>Si bien a\u00fan no se conocen detalles de c\u00f3mo lograron liberarse y pedir ayuda, fuentes cercanas a la investigaci\u00f3n se\u00f1alaron que habr\u00eda sido&nbsp; cerca de las 5:30 horas.<\/p>\n\n\n\n<p>Pasaron pocos minutos para que comenzaran a llegar, en principio un familiar directo del matrimonio \u2013 de entre 75 y 83 a\u00f1os- y luego m\u00f3viles del Comando Patrullas.<\/p>\n\n\n\n<p>Tambi\u00e9n se convoc\u00f3 una ambulancia del SAME, aunque no&nbsp; asistieron a las v\u00edctimas.<\/p>\n\n\n\n<p><\/p>\n\n\n\n<p>Se inici\u00f3 una investigaci\u00f3n tendiente a profundizar las pesquisas&nbsp; e identificar a los autores.<\/p>\n\n\n\n<p>La Investigaci\u00f3n Penal Preparatoria recay\u00f3 en la Unidad Funcional de Instrucci\u00f3n 6 cuya titular es la Dra. Fernanda S\u00e1nchez. AMPLIAREMOS.<\/p>\n","protected":false},"excerpt":{"rendered":"<p>Una vez m\u00e1s, la inseguridad repite esta modalidad que tiene a mal traer a funcionarios del Ministerio P\u00fablico<\/p>\n","protected":false},"author":2,"featured_media":121,"comment_status":"open","ping_status":"open","sticky":false,"template":"","format":"standard","meta":{"footnotes":""},"categories":[4],"tags":[],"class_list":["post-120","post","type-post","status-publish","format-standard","has-post-thumbnail","hentry","category-junin"],"_links":{"self":[{"href":"http:\/\/ainewsopen.com.ar\/junin\/wp-json\/wp\/v2\/posts\/120","targetHints":{"allow":["GET"]}}],"collection":[{"href":"http:\/\/ainewsopen.com.ar\/junin\/wp-json\/wp\/v2\/posts"}],"about":[{"href":"http:\/\/ainewsopen.com.ar\/junin\/wp-json\/wp\/v2\/types\/post"}],"author":[{"embeddable":true,"href":"http:\/\/ainewsopen.com.ar\/junin\/wp-json\/wp\/v2\/users\/2"}],"replies":[{"embeddable":true,"href":"http:\/\/ainewsopen.com.ar\/junin\/wp-json\/wp\/v2\/comments?post=120"}],"version-history":[{"count":1,"href":"http:\/\/ainewsopen.com.ar\/junin\/wp-json\/wp\/v2\/posts\/120\/revisions"}],"predecessor-version":[{"id":122,"href":"http:\/\/ainewsopen.com.ar\/junin\/wp-json\/wp\/v2\/posts\/120\/revisions\/122"}],"wp:featuredmedia":[{"embeddable":true,"href":"http:\/\/ainewsopen.com.ar\/junin\/wp-json\/wp\/v2\/media\/121"}],"wp:attachment":[{"href":"http:\/\/ainewsopen.com.ar\/junin\/wp-json\/wp\/v2\/media?parent=120"}],"wp:term":[{"taxonomy":"category","embeddable":true,"href":"http:\/\/ainewsopen.com.ar\/junin\/wp-json\/wp\/v2\/categories?post=120"},{"taxonomy":"post_tag","embeddable":true,"href":"http:\/\/ainewsopen.com.ar\/junin\/wp-json\/wp\/v2\/tags?post=120"}],"curies":[{"name":"wp","href":"https:\/\/api.w.org\/{rel}","templated":true}]}}