{"id":126,"date":"2024-06-14T20:10:27","date_gmt":"2024-06-14T20:10:27","guid":{"rendered":"http:\/\/ainewsopen.com.ar\/junin\/?p=126"},"modified":"2024-06-14T20:10:27","modified_gmt":"2024-06-14T20:10:27","slug":"comunicado-de-union-por-la-patria-junin-por-el-paso-bajo-nivel-de-calle-rivadavia","status":"publish","type":"post","link":"http:\/\/ainewsopen.com.ar\/junin\/comunicado-de-union-por-la-patria-junin-por-el-paso-bajo-nivel-de-calle-rivadavia\/","title":{"rendered":"Comunicado de Uni\u00f3n por la Patria Jun\u00edn por el paso bajo nivel de calle Rivadavia"},"content":{"rendered":"\n<p>Con el t\u00edtulo \u00abPetrecca, Balestrasse y las trabas al Paso Bajo Nivel\u00bb el espacio pol\u00edtico \u00abUni\u00f3n por la Patria\u00bb de Jun\u00edn emiti\u00f3 este viernes a la ma\u00f1ana un comunicado de prensa vinculado al tema paso bajo nivel de calle Rivadavia cuyo texto es el siguiente:<\/p>\n\n\n\n<p><em>\u00abEntre 2019 y 2023 el gobierno nacional impuls\u00f3 e inaugur\u00f3 obras en casi todos los municipios del pa\u00eds, sin discriminar por color partidario. Prueba de ello son los avances en la Autov\u00eda 7, o el asfalto de Avenida La Plata en Jun\u00edn (que se rompi\u00f3 enseguida sin que el gobierno de Petrecca haya explicado a\u00fan los motivos de un modo convincente) y la importante obra de cloacas en m\u00e1s de 5 barrios de nuestra ciudad.<\/em><\/p>\n\n\n\n<p><em>En el mismo per\u00edodo, Kicillof hizo lo propio en los 135 municipios bonaerenses. Un ejemplo, la planta de bombeo cloacal en Jun\u00edn (esa que el Ing. Covini inaugur\u00f3 un d\u00eda antes de la llegada del Gobernador).<\/em><\/p>\n\n\n\n<p><em>Otras muchas fueron impulsadas por ambos gobiernos, aunque no se finalizaron. Tampoco se inauguraron las que inici\u00f3 la ex gobernadora Vidal.<\/em><\/p>\n\n\n\n<p><em>En Febrero Trenque Lauquen, gobernada por un intendente radical, entreg\u00f3 60 viviendas con fondos de origen provincial. Ac\u00e1 todav\u00eda esperamos que se terminen las 50 viviendas que se convirtieron en 25 y que todav\u00eda son 0.<\/em><\/p>\n\n\n\n<p><em>La finalizaci\u00f3n e inauguraci\u00f3n de la terminal de \u00f3mnibus fue prometida por el intendente Petrecca en cada sesi\u00f3n inaugural del Honorable Concejo Deliberante desde que asumi\u00f3 el cargo.<\/em><\/p>\n\n\n\n<p><em>Nada de nada, mientras se humillan (y, en tanto representantes de la ciudad, NOS humillan), besando los pies del presidente que par\u00f3 toda la obra p\u00fablica de un modo criminal.<\/em><\/p>\n\n\n\n<p><em>Obras inconclusas de distinta \u00edndole, con fondos de distinto origen y un solo denominador com\u00fan: la desidia de Petrecca y Balestrasse, que consideran que al vecino de Jun\u00edn se lo conforma echando culpas al kirchnerismo, mientras se arrastran ante el poder de turno.<\/em><\/p>\n\n\n\n<p><em>En ese contexto, la obra del Paso Bajo Nivel de Avenida Rivadavia comenz\u00f3 su ejecuci\u00f3n, pero recibi\u00f3 innumerables frenos y obst\u00e1culos que generaron una demora que hoy sufrimos todos los juninenses. Y todas esas demoras surgieron desde el Palacio Municipal.<\/em><\/p>\n\n\n\n<p><em>La gesti\u00f3n de Petrecca y Balestrasse s\u00f3lo se dedic\u00f3 a ponerle trabas a la obra. Este es el \u00fanico Paso Bajo a Nivel que demor\u00f3 en iniciarse para esperar una audiencia p\u00fablica, este es el \u00fanico Paso Bajo a Nivel que recibi\u00f3 trabas por parte del Municipio: objeciones a los desag\u00fces, objeciones al impacto ambiental, objeciones al sistema de bombeo, objeciones a qui\u00e9n tendr\u00e1 que hacer el mantenimiento del sistema de bombas, objeciones a la pasarela que permite el paso peatonal y de bicicletas, objeciones, trabas, objeciones, trabas. Este es el \u00fanico Paso Bajo a Nivel que tuvo que esperar semanas o meses para que el Municipio firmara las notificaciones y env\u00ede las respuestas que requer\u00eda el expediente administrativo de la obra. Este es el \u00fanico Paso Bajo a Nivel que fue de manera constante bloqueado por el Municipio por miserias pol\u00edticas partidarias.<\/em><\/p>\n\n\n\n<p><em>Y as\u00ed fue pasando el tiempo, no pudiendo avanzar la obra. Y desde el 10 de diciembre, con la llegada de Milei se produjo el freno total a la obra p\u00fablica, que implic\u00f3 el inicio del fin del Paso Bajo Nivel sin terminar.<\/em><\/p>\n\n\n\n<p><em>Por lo tanto, antes de hacer alarde sobre las actuales gestiones que realiza el intendente, Ballestrasse tendr\u00eda que hacer un mea culpa sobre las responsabilidades propias y del municipio por haber puesto su esfuerzo como funcionario p\u00fablica en retrasar al m\u00e1ximo el sue\u00f1o de miles de vecinos y vecinas.<\/em><\/p>\n\n\n\n<p><em>Nobleza obliga: esta semana inauguraron un sem\u00e1foro, cuyas sendas peatonales se pintaron con acr\u00edlico y rodillo y durar\u00e1 hasta fin de mes si no llueve mucho\u00bb.<\/em><\/p>\n","protected":false},"excerpt":{"rendered":"<p>Con el t\u00edtulo \u00abPetrecca, Balestrasse y las trabas al Paso Bajo Nivel\u00bb el espacio pol\u00edtico \u00abUni\u00f3n por la<\/p>\n","protected":false},"author":2,"featured_media":127,"comment_status":"open","ping_status":"open","sticky":false,"template":"","format":"standard","meta":{"footnotes":""},"categories":[4],"tags":[],"class_list":["post-126","post","type-post","status-publish","format-standard","has-post-thumbnail","hentry","category-junin"],"_links":{"self":[{"href":"http:\/\/ainewsopen.com.ar\/junin\/wp-json\/wp\/v2\/posts\/126","targetHints":{"allow":["GET"]}}],"collection":[{"href":"http:\/\/ainewsopen.com.ar\/junin\/wp-json\/wp\/v2\/posts"}],"about":[{"href":"http:\/\/ainewsopen.com.ar\/junin\/wp-json\/wp\/v2\/types\/post"}],"author":[{"embeddable":true,"href":"http:\/\/ainewsopen.com.ar\/junin\/wp-json\/wp\/v2\/users\/2"}],"replies":[{"embeddable":true,"href":"http:\/\/ainewsopen.com.ar\/junin\/wp-json\/wp\/v2\/comments?post=126"}],"version-history":[{"count":1,"href":"http:\/\/ainewsopen.com.ar\/junin\/wp-json\/wp\/v2\/posts\/126\/revisions"}],"predecessor-version":[{"id":128,"href":"http:\/\/ainewsopen.com.ar\/junin\/wp-json\/wp\/v2\/posts\/126\/revisions\/128"}],"wp:featuredmedia":[{"embeddable":true,"href":"http:\/\/ainewsopen.com.ar\/junin\/wp-json\/wp\/v2\/media\/127"}],"wp:attachment":[{"href":"http:\/\/ainewsopen.com.ar\/junin\/wp-json\/wp\/v2\/media?parent=126"}],"wp:term":[{"taxonomy":"category","embeddable":true,"href":"http:\/\/ainewsopen.com.ar\/junin\/wp-json\/wp\/v2\/categories?post=126"},{"taxonomy":"post_tag","embeddable":true,"href":"http:\/\/ainewsopen.com.ar\/junin\/wp-json\/wp\/v2\/tags?post=126"}],"curies":[{"name":"wp","href":"https:\/\/api.w.org\/{rel}","templated":true}]}}