{"id":133,"date":"2024-06-18T19:12:44","date_gmt":"2024-06-18T19:12:44","guid":{"rendered":"http:\/\/ainewsopen.com.ar\/junin\/?p=133"},"modified":"2024-06-18T19:12:44","modified_gmt":"2024-06-18T19:12:44","slug":"culminaron-las-actividades-por-la-semana-de-la-seguridad-vial-con-charlas-en-la-unnoba","status":"publish","type":"post","link":"http:\/\/ainewsopen.com.ar\/junin\/culminaron-las-actividades-por-la-semana-de-la-seguridad-vial-con-charlas-en-la-unnoba\/","title":{"rendered":"Culminaron las actividades por la Semana de la Seguridad Vial con charlas en la UNNOBA"},"content":{"rendered":"\n<p>Desde que se cre\u00f3 el programa \u201cVoy Seguro\u201d ya se alcanz\u00f3 a 75.000 ni\u00f1os, ni\u00f1as, j\u00f3venes y familias de distintas instituciones educativas de la ciudad y de esta manera, el Gobierno de Jun\u00edn, contin\u00faa haciendo foco en la concientizaci\u00f3n y los controles para seguir mejorando la seguridad vial y cuidando la vida de los juninenses.<\/p>\n\n\n\n<figure class=\"wp-block-embed is-type-video is-provider-youtube wp-block-embed-youtube wp-embed-aspect-16-9 wp-has-aspect-ratio\"><div class=\"wp-block-embed__wrapper\">\n<iframe title=\"Culminaron las actividades por la Semana de la Seguridad Vial con charlas en la UNNOBA\" width=\"640\" height=\"360\" src=\"https:\/\/www.youtube.com\/embed\/EqbaCqQ_CYM?feature=oembed\" frameborder=\"0\" allow=\"accelerometer; autoplay; clipboard-write; encrypted-media; gyroscope; picture-in-picture; web-share\" referrerpolicy=\"strict-origin-when-cross-origin\" allowfullscreen><\/iframe>\n<\/div><\/figure>\n\n\n\n<p>Profesionales del Departamento de Educaci\u00f3n Vial y referentes del Grupo \u201cEstrellas Amarillas\u201d se hicieron presentes en la Escuela de Tecnolog\u00eda \u201cEva Per\u00f3n\u201d de la UNNOBA, donde concretaron una nueva charla de concientizaci\u00f3n para estudiantes, a modo de finalizaci\u00f3n de la serie de actividades organizadas por la Semana de la Seguridad Vial.<\/p>\n\n\n\n<p>Desde que se cre\u00f3 el programa \u201cVoy Seguro\u201d ya se alcanz\u00f3 a 75.000 ni\u00f1os, ni\u00f1as, j\u00f3venes y familias de distintas instituciones educativas de la ciudad y de esta manera, el Gobierno de Jun\u00edn, contin\u00faa haciendo foco en la concientizaci\u00f3n y los controles para seguir mejorando la seguridad vial y cuidando la vida de los juninenses.<\/p>\n\n\n\n<p>Una vez concluida la jornada, Adri\u00e1n Ib\u00e1\u00f1ez, director del Departamento de Educaci\u00f3n Vial de la Municipalidad, manifest\u00f3: \u201cCulminamos las actividades por la Semana de la Seguridad Vial, con el D\u00eda Mundial que fue el pasado 10 de junio, estamos muy satisfechos porque pudimos llegar con estas charlas a un mont\u00f3n de edades, a diferencia de a\u00f1os anteriores que concentramos todo en \u2018La Rancher\u00eda\u2019 con propuestas m\u00e1s adecuadas para el nivel secundario\u201d.<\/p>\n\n\n\n<p>\u201cEn esta oportunidad pudimos concretar diversas charlas en distintas instituciones y establecimientos, en esta oportunidad para los alumnos de la UNNOBA, luego de la pertinente que brindamos tambi\u00e9n para profesionales de esta casa de altos estudios\u201d, afirm\u00f3 Iba\u00f1ez y a\u00f1adi\u00f3: \u201cCreemos fuertemente en la importancia de la educaci\u00f3n vial para toda la comunidad y trabajamos siempre en este sentido\u201d.<\/p>\n\n\n\n<p>Adem\u00e1s, el director dijo que \u201cm\u00e1s all\u00e1 de las actividades propias de esta semana en particular, nosotros seguimos con las tareas a lo largo de todo el a\u00f1o como siempre\u201d, y recalc\u00f3 que \u201cya llegamos a 75.000 alumnos con estas charlas desde que se cre\u00f3 el programa \u2018Voy Seguro\u2019, algo que se profundiz\u00f3 con la creaci\u00f3n el Departamento de Educaci\u00f3n Vial y con el trabajo en conjunto con \u2018Estrellas Amarillas\u2019\u201d.<\/p>\n\n\n\n<p>En tanto, Sandra Silvera, una de las referentes del Grupo \u201cEstrellas Amarillas\u201d, expuso que \u201ctuvimos una convocatoria bastante amplia a lo largo de esta semana, con charlas en empresas, escuelas y distintos lugares m\u00e1s, estamos muy satisfechas por el desarrollo de cada una de estas jornadas y por continuar este trabajo de concientizaci\u00f3n sobre la seguridad vial en Jun\u00edn\u201d.<\/p>\n\n\n\n<p>\u201cSiempre acompa\u00f1amos al Departamento de Educaci\u00f3n Vial en todas las actividades que se planifican e implementan para concientizar a todos los vecinos, especialmente a los m\u00e1s j\u00f3venes sobre la importancia de respetar las normas de tr\u00e1nsito, y brindando nuestros testimonios junto con las instructoras que trabajan de la mejor manera\u201d, declar\u00f3 Silvera.<\/p>\n\n\n\n<p>A su turno, Victoria Doblari, del \u00e1rea de Seguridad e Higiene y Protecci\u00f3n Ambiental de la UNNOBA, coment\u00f3: \u201cEste es unos aspectos ambientales que abordamos dentro de la universidad, que tratamos de trabajar de forma permanente y, en este sentido, estamos muy agradecidos con las \u00e1reas de Educaci\u00f3n Vial y el Grupo \u2018Estrellas Amarillas\u2019 por haberse acercado para brindar este tipo de capacitaciones\u201d.<\/p>\n\n\n\n<p>\u201cPara nosotros es muy importante que los alumnos aprovechen esta oportunidad y escuchen las experiencias que contaron y la forma que tienen de transmitir estos conocimientos\u201d, asegur\u00f3 Doblari y agradeci\u00f3 nuevamente por el trabajo articulado para esto.<\/p>\n","protected":false},"excerpt":{"rendered":"<p>Desde que se cre\u00f3 el programa \u201cVoy Seguro\u201d ya se alcanz\u00f3 a 75.000 ni\u00f1os, ni\u00f1as, j\u00f3venes y familias<\/p>\n","protected":false},"author":2,"featured_media":134,"comment_status":"open","ping_status":"open","sticky":false,"template":"","format":"standard","meta":{"footnotes":""},"categories":[4],"tags":[],"class_list":["post-133","post","type-post","status-publish","format-standard","has-post-thumbnail","hentry","category-junin"],"_links":{"self":[{"href":"http:\/\/ainewsopen.com.ar\/junin\/wp-json\/wp\/v2\/posts\/133","targetHints":{"allow":["GET"]}}],"collection":[{"href":"http:\/\/ainewsopen.com.ar\/junin\/wp-json\/wp\/v2\/posts"}],"about":[{"href":"http:\/\/ainewsopen.com.ar\/junin\/wp-json\/wp\/v2\/types\/post"}],"author":[{"embeddable":true,"href":"http:\/\/ainewsopen.com.ar\/junin\/wp-json\/wp\/v2\/users\/2"}],"replies":[{"embeddable":true,"href":"http:\/\/ainewsopen.com.ar\/junin\/wp-json\/wp\/v2\/comments?post=133"}],"version-history":[{"count":1,"href":"http:\/\/ainewsopen.com.ar\/junin\/wp-json\/wp\/v2\/posts\/133\/revisions"}],"predecessor-version":[{"id":135,"href":"http:\/\/ainewsopen.com.ar\/junin\/wp-json\/wp\/v2\/posts\/133\/revisions\/135"}],"wp:featuredmedia":[{"embeddable":true,"href":"http:\/\/ainewsopen.com.ar\/junin\/wp-json\/wp\/v2\/media\/134"}],"wp:attachment":[{"href":"http:\/\/ainewsopen.com.ar\/junin\/wp-json\/wp\/v2\/media?parent=133"}],"wp:term":[{"taxonomy":"category","embeddable":true,"href":"http:\/\/ainewsopen.com.ar\/junin\/wp-json\/wp\/v2\/categories?post=133"},{"taxonomy":"post_tag","embeddable":true,"href":"http:\/\/ainewsopen.com.ar\/junin\/wp-json\/wp\/v2\/tags?post=133"}],"curies":[{"name":"wp","href":"https:\/\/api.w.org\/{rel}","templated":true}]}}