{"id":136,"date":"2024-06-18T20:42:49","date_gmt":"2024-06-18T20:42:49","guid":{"rendered":"http:\/\/ainewsopen.com.ar\/junin\/?p=136"},"modified":"2024-06-18T20:42:49","modified_gmt":"2024-06-18T20:42:49","slug":"realizaran-un-taller-de-estimulacion-neurocognitiva-para-adultos-mayores","status":"publish","type":"post","link":"http:\/\/ainewsopen.com.ar\/junin\/realizaran-un-taller-de-estimulacion-neurocognitiva-para-adultos-mayores\/","title":{"rendered":"Realizar\u00e1n un taller de estimulaci\u00f3n neurocognitiva para adultos mayores"},"content":{"rendered":"\n<p>La inscripci\u00f3n se realizar\u00e1 directamente en la Direcci\u00f3n de Adultos Mayores de la Secretar\u00eda de Desarrollo Humano (Gandini 92), y se dar\u00e1 a conocer oportunamente cuando se abra el registro.<\/p>\n\n\n\n<p>La Municipalidad de Jun\u00edn y la Cl\u00ednica \u201cResidencia Terap\u00e9utica\u201d impulsan un taller de estimulaci\u00f3n neurocognitiva para adultos mayores<\/p>\n\n\n\n<p>La propuesta coordinada por la Direcci\u00f3n de Adultos Mayores y dicha instituci\u00f3n privada de salud mental comenzar\u00e1 a funcionar a partir del 1\u00b0 de julio, en el Centro Integrador Comunitario (CIC) de Av. Alvear, los d\u00edas lunes de 16.30 a 17.30hs con un cupo m\u00e1ximo de 15 personas, con el fin de reforzar la atenci\u00f3n personalizada y trabajar de forma \u00f3ptima las distintas funciones neurocognitivas. Destacan la coordinaci\u00f3n p\u00fablico privada en beneficio de la salud integral de todos los vecinos de Jun\u00edn.<\/p>\n\n\n\n<p>La inscripci\u00f3n se realizar\u00e1 directamente en la Direcci\u00f3n de Adultos Mayores de la Secretar\u00eda de Desarrollo Humano (Gandini 92), y se dar\u00e1 a conocer oportunamente cuando se abra el registro.<\/p>\n\n\n\n<p>A prop\u00f3sito de este trabajo articulado, Maximiliano Longo, m\u00e9dico psiquiatra de la Cl\u00ednica \u201cResidencia Terap\u00e9utica\u201d ubicada en Villa del Parque, manifest\u00f3: \u201cAgradezco a Adriana (Summa) por la invitaci\u00f3n y por esta articulaci\u00f3n entre el Gobierno de Jun\u00edn y la instituci\u00f3n de salud mental privada a la cual represento, con el prop\u00f3sito de impulsar un taller de estimulaci\u00f3n neurocognitiva para adultos mayores\u201d, y ampli\u00f3: \u201cLa idea es que sea para un grupo reducido para concretar un abordaje espec\u00edfico y personalizado, con el objetivo de seguir multiplicando en el tiempo\u201d.<\/p>\n\n\n\n<p>\u201cEl prop\u00f3sito de este taller es estimular todas las funciones cognitivas de los adultos mayores a trav\u00e9s del trabajo de profesionales de la instituci\u00f3n, con fechas y horas determinadas y con material concreto para trabajar desde lo grupal, pero tambi\u00e9n con abordajes subjetivos e individuales\u201d, afirm\u00f3 Longo.<\/p>\n\n\n\n<p>En continuidad, el profesional sostuvo que \u201cpor medio de estas articulaciones buscamos fomentar las demandas que la Ley de Salud Mental vigente nos propone y considero que es una muy buena oportunidad a trav\u00e9s de esta convocatoria\u201d, y ampli\u00f3: \u201cEl taller va a empezar a partir de los primeros d\u00edas de julio en el CIC de Av. Alvear, los lunes de 16.30 a 17.30hs, as\u00ed que apenas se abra la inscripci\u00f3n lo informaremos por los canales pertinentes\u201d.<\/p>\n\n\n\n<p>A su turno, Adriana Summa, directora de Adultos Mayores, expres\u00f3: \u201cEstamos muy contentos por avanzar con este trabajo articulado, hac\u00eda tiempo que quer\u00edamos implementar una actividad como esta en asociaci\u00f3n con esta instituci\u00f3n de la ciudad\u201d, y continu\u00f3: \u201cComo bien mencion\u00f3 el Dr. Longo, va a ser un servicio m\u00e1s personalizado con un cupo m\u00e1ximo de 15 personas, pero con la idea de seguir replicando este taller en el tiempo\u201d.<\/p>\n\n\n\n<p>\u201cEs muy importante trabajar todas las funciones neurocognitivas m\u00e1s all\u00e1 de la memoria, muchas de las cuales se van perdiendo con el paso del tiempo por la falta de socializaci\u00f3n y el aislamiento que las deterioran. En este sentido, queremos que los adultos mayores de Jun\u00edn puedan aprovechar esta propuesta, disfrutar de esta etapa de la vida y saber que siempre hay algo nuevo por hacer\u201d, sostuvo Summa.<\/p>\n\n\n\n<p>Asimismo, la funcionaria indic\u00f3 que \u201cesta fue una propuesta que nos hizo llegar Agustina, una de las trabajadoras sociales que trabaja en el Municipio y tambi\u00e9n en la cl\u00ednica, nos pareci\u00f3 una idea muy buena y comenzamos a trabajar articuladamente para avanzar en su implementaci\u00f3n\u201d.<\/p>\n\n\n\n<p>Por \u00faltimo, dijo que \u201cvamos a poner a disposici\u00f3n las instalaciones de la Direcci\u00f3n de Adultos Mayores, en la Secretar\u00eda de Desarrollo Humano ubicada en Gandini 92, para que los interesados puedan inscribirse una vez que se abra la convocatoria, con el fin de controlar que se cumpla con el cupo necesario y no haya gente de m\u00e1s\u201d.<\/p>\n","protected":false},"excerpt":{"rendered":"<p>La inscripci\u00f3n se realizar\u00e1 directamente en la Direcci\u00f3n de Adultos Mayores de la Secretar\u00eda de Desarrollo Humano (Gandini<\/p>\n","protected":false},"author":2,"featured_media":137,"comment_status":"open","ping_status":"open","sticky":false,"template":"","format":"standard","meta":{"footnotes":""},"categories":[4],"tags":[],"class_list":["post-136","post","type-post","status-publish","format-standard","has-post-thumbnail","hentry","category-junin"],"_links":{"self":[{"href":"http:\/\/ainewsopen.com.ar\/junin\/wp-json\/wp\/v2\/posts\/136","targetHints":{"allow":["GET"]}}],"collection":[{"href":"http:\/\/ainewsopen.com.ar\/junin\/wp-json\/wp\/v2\/posts"}],"about":[{"href":"http:\/\/ainewsopen.com.ar\/junin\/wp-json\/wp\/v2\/types\/post"}],"author":[{"embeddable":true,"href":"http:\/\/ainewsopen.com.ar\/junin\/wp-json\/wp\/v2\/users\/2"}],"replies":[{"embeddable":true,"href":"http:\/\/ainewsopen.com.ar\/junin\/wp-json\/wp\/v2\/comments?post=136"}],"version-history":[{"count":1,"href":"http:\/\/ainewsopen.com.ar\/junin\/wp-json\/wp\/v2\/posts\/136\/revisions"}],"predecessor-version":[{"id":138,"href":"http:\/\/ainewsopen.com.ar\/junin\/wp-json\/wp\/v2\/posts\/136\/revisions\/138"}],"wp:featuredmedia":[{"embeddable":true,"href":"http:\/\/ainewsopen.com.ar\/junin\/wp-json\/wp\/v2\/media\/137"}],"wp:attachment":[{"href":"http:\/\/ainewsopen.com.ar\/junin\/wp-json\/wp\/v2\/media?parent=136"}],"wp:term":[{"taxonomy":"category","embeddable":true,"href":"http:\/\/ainewsopen.com.ar\/junin\/wp-json\/wp\/v2\/categories?post=136"},{"taxonomy":"post_tag","embeddable":true,"href":"http:\/\/ainewsopen.com.ar\/junin\/wp-json\/wp\/v2\/tags?post=136"}],"curies":[{"name":"wp","href":"https:\/\/api.w.org\/{rel}","templated":true}]}}