{"id":139,"date":"2024-06-18T20:44:29","date_gmt":"2024-06-18T20:44:29","guid":{"rendered":"http:\/\/ainewsopen.com.ar\/junin\/?p=139"},"modified":"2024-06-18T20:44:33","modified_gmt":"2024-06-18T20:44:33","slug":"junin-se-une-bajo-el-celeste-y-blanco-de-nuestra-bandera-nacional","status":"publish","type":"post","link":"http:\/\/ainewsopen.com.ar\/junin\/junin-se-une-bajo-el-celeste-y-blanco-de-nuestra-bandera-nacional\/","title":{"rendered":"Jun\u00edn se une bajo el celeste y blanco de nuestra Bandera Nacional"},"content":{"rendered":"\n<p>El 20 de Junio se realizar\u00e1 el homenaje a Manuel Belgrano en la Plaza Veteranos de Malvinas en San Mart\u00edn y Rivadavia. Se convoca a todas las instituciones educativas e intermedias a formar parte del evento .<\/p>\n\n\n\n<p>El 20 de junio, se conmemora el D\u00eda de la Bandera, en homenaje a Manuel Belgrano, fallecido esa misma fecha del a\u00f1o 1820, por tal motivo, ese d\u00eda, a las 11hs, en la plaza Veteranos de Malvinas, ubicada en la intersecci\u00f3n de Av. San Mart\u00edn y Rivadavia y con la organizaci\u00f3n conjunta entre el Gobierno de Jun\u00edn, el Centro de Excombatientes y el Grupo de Artiller\u00eda 10, se desarrollar\u00e1 el acto \u00abNuestra Bandera nos une\u00bb, con el objetivo de reafirmar todos juntos, la lealtad a nuestra Bandera.<\/p>\n\n\n\n<p>Por tal motivo, se convoca a todas las instituciones educativas e intermedias a formar parte del evento y la manera de poder hacerlo es acercarse a la direcci\u00f3n de Educaci\u00f3n, ubicada en Benito de Miguel 5, o llamar a los tel\u00e9fonos 4407900 interno 1540, o bien al celular 2364 26 18 25<\/p>\n\n\n\n<p>Se destaca la participaci\u00f3n por primera vez de todos los veteranos nucleados en el Centro de Excombatientes de Malvinas, quienes manifestaron su satisfacci\u00f3n y orgullo por participar del evento, y reforzaron la invitaci\u00f3n a la comunidad para rendir homenaje tambi\u00e9n a quienes dieron su vida por la bandera y la patria en la guerra de 1982. Tambi\u00e9n los soldados del Grupo de Artiller\u00eda 10 realizar\u00e1n su tradicional jura.<\/p>\n\n\n\n<p>Desde el Municipio se convoca a todos los vecinos del Partido de Jun\u00edn a participar del gran evento de la promesa, jura y reafirmaci\u00f3n a la bandera, el cual se va a llevar adelante el d\u00eda 20 a las 11, en la plaza Veteranos de Malvinas ubicada en Av. San Mart\u00edn y Rivadavia.<\/p>\n\n\n\n<p>\u201cQueremos que todos los vecinos de Jun\u00edn participen de este acto para que reafirmen esa promesa de lealtad a la bandera, esa insignia que nos identifica como pa\u00eds y m\u00e1s a\u00fan en estos momentos que estamos viviendo\u201d, expres\u00f3 Veronica Ferrarezi, directora de Educaci\u00f3n del Municipio. Tambi\u00e9n indic\u00f3 que \u00abvan a formar parte del evento los Veteranos de Malvinas y el Ej\u00e9rcito que, entre otras cosas, ofrecer\u00e1 el tradicional chocolate para todos los presentes\u201d.<\/p>\n\n\n\n<p>La convocatoria es abierta a todas las instituciones educativas de la comunidad a formar parte de esto, aunque ya hayan hecho la promesa en las propias escuelas, especialmente los alumnos de 4\u00b0 a\u00f1o de nivel primario, tambi\u00e9n a las colectividades, instituciones civiles e intermedias, y todos los que est\u00e9n interesados. Como se dijo, la convocatoria a este acto es abierta a todas las familias juninenses.<\/p>\n\n\n\n<p>En tanto, Carlos Luj\u00e1n, presidente del Centro de Excombatientes \u201cMalvinas Argentinas\u201d de Jun\u00edn, declar\u00f3: \u201cEstamos muy contentos por la convocatoria y la posibilidad de estar presentes el d\u00eda del evento, va a ser la primera vez que los veteranos de guerra har\u00e1n la reafirmaci\u00f3n de la lealtad a la bandera\u201d, y agreg\u00f3: \u201cConvocamos a toda la ciudadan\u00eda, para que participe de este acto que tendr\u00e1 lugar en la plaza Veteranos de Malvinas\u201d.<\/p>\n\n\n\n<p>\u201cEs importante para nosotros que podamos compartir momentos como estos, en el a\u00f1o 1982 juramos defender la bandera argentina y dar la vida por ella y muchos de nuestros compa\u00f1eros quedaron en Malvinas en cumplimiento con este deber, por lo cual es muy importante que los vecinos nos acompa\u00f1en para rendirles homenaje tambi\u00e9n a todos los ca\u00eddos\u201d, afirm\u00f3 Lij\u00e1n.<\/p>\n\n\n\n<p>Por su parte, el teniente coronel Jorge Eduardo G\u00f3mez, jefe del Grupo de Artiller\u00eda 10 \u201cTte. Gral. Bartolom\u00e9 Mitre\u201d, expres\u00f3: \u201cEn dicho d\u00eda en particular vamos a sacar la ceremonia que realizamos siempre en nuestro \u00e1mbito particular, para trasladarla a la plaza Veteranos de Malvinas y estamos muy contentos de que se pueda hacer esto, porque es algo muy importante sobre todo para los nuevos soldados\u201d.<\/p>\n\n\n\n<p>\u201cNos complacer\u00e1 mucho compartir esto con los veteranos de Malvinas, como tambi\u00e9n con todos los vecinos, instituciones de la comunidad y familiares de nuestros soldados, as\u00ed que reiteramos la invitaci\u00f3n para todo el mundo\u201d, finaliz\u00f3 G\u00f3mez.<\/p>\n","protected":false},"excerpt":{"rendered":"<p>El 20 de Junio se realizar\u00e1 el homenaje a Manuel Belgrano en la Plaza Veteranos de Malvinas en<\/p>\n","protected":false},"author":2,"featured_media":140,"comment_status":"open","ping_status":"open","sticky":false,"template":"","format":"standard","meta":{"footnotes":""},"categories":[4],"tags":[],"class_list":["post-139","post","type-post","status-publish","format-standard","has-post-thumbnail","hentry","category-junin"],"_links":{"self":[{"href":"http:\/\/ainewsopen.com.ar\/junin\/wp-json\/wp\/v2\/posts\/139","targetHints":{"allow":["GET"]}}],"collection":[{"href":"http:\/\/ainewsopen.com.ar\/junin\/wp-json\/wp\/v2\/posts"}],"about":[{"href":"http:\/\/ainewsopen.com.ar\/junin\/wp-json\/wp\/v2\/types\/post"}],"author":[{"embeddable":true,"href":"http:\/\/ainewsopen.com.ar\/junin\/wp-json\/wp\/v2\/users\/2"}],"replies":[{"embeddable":true,"href":"http:\/\/ainewsopen.com.ar\/junin\/wp-json\/wp\/v2\/comments?post=139"}],"version-history":[{"count":1,"href":"http:\/\/ainewsopen.com.ar\/junin\/wp-json\/wp\/v2\/posts\/139\/revisions"}],"predecessor-version":[{"id":141,"href":"http:\/\/ainewsopen.com.ar\/junin\/wp-json\/wp\/v2\/posts\/139\/revisions\/141"}],"wp:featuredmedia":[{"embeddable":true,"href":"http:\/\/ainewsopen.com.ar\/junin\/wp-json\/wp\/v2\/media\/140"}],"wp:attachment":[{"href":"http:\/\/ainewsopen.com.ar\/junin\/wp-json\/wp\/v2\/media?parent=139"}],"wp:term":[{"taxonomy":"category","embeddable":true,"href":"http:\/\/ainewsopen.com.ar\/junin\/wp-json\/wp\/v2\/categories?post=139"},{"taxonomy":"post_tag","embeddable":true,"href":"http:\/\/ainewsopen.com.ar\/junin\/wp-json\/wp\/v2\/tags?post=139"}],"curies":[{"name":"wp","href":"https:\/\/api.w.org\/{rel}","templated":true}]}}