{"id":148,"date":"2024-06-19T19:08:56","date_gmt":"2024-06-19T19:08:56","guid":{"rendered":"http:\/\/ainewsopen.com.ar\/junin\/?p=148"},"modified":"2024-06-19T19:08:57","modified_gmt":"2024-06-19T19:08:57","slug":"ultiman-detalles-para-el-acto-donde-los-juninenses-reafirmaran-su-lealtad-a-la-bandera","status":"publish","type":"post","link":"http:\/\/ainewsopen.com.ar\/junin\/ultiman-detalles-para-el-acto-donde-los-juninenses-reafirmaran-su-lealtad-a-la-bandera\/","title":{"rendered":"Ultiman detalles para el acto donde los juninenses reafirmar\u00e1n su lealtad a la Bandera"},"content":{"rendered":"\n<p>Ser\u00e1 ma\u00f1ana jueves desde las 11 en la Plaza Veteranos de Malvinas. desde la organizaci\u00f3n del mismo se invita a las instituciones de la comunidad a ser parte del mismo, como tambi\u00e9n a la comunidad en general, a que se acerquen con sus banderas. Por \u00faltimo, se inform\u00f3 que los asistentes podr\u00e1n disfrutar de un rico chocolate.<\/p>\n\n\n\n<p>Jun\u00edn prepara un emotivo acto para conmemorar el D\u00eda de la Bandera, este jueves 20 de junio a partir de las 11 horas en la Plaza Veteranos de Malvinas, Avenida San Mart\u00edn y Rivadavia y con la organizaci\u00f3n conjunta entre el Gobierno de Jun\u00edn, el Centro de Excombatientes y el Grupo de Artiller\u00eda 10.<\/p>\n\n\n\n<p>El acto, denominado \u00abNuestra Bandera nos une\u00bb, tiene como objetivo reafirmar todos juntos, la lealtad a nuestra Bandera, por tal motivo, se convoca a todas las instituciones educativas e intermedias y a las familias de Jun\u00edn a formar parte del evento<\/p>\n\n\n\n<p>Desde el Municipio se inform\u00f3 que, a partir de las 10:30 horas, la Banda Municipal Curupayt\u00ed, del Grupo de Artiller\u00eda 10, estar\u00e1 emplazada para recibir a los vecinos.<\/p>\n\n\n\n<p>A las 11 horas, se concretar\u00e1 el juramento de fidelidad a la Bandera de guerra por parte de los soldados voluntarios de la \u00faltima incorporaci\u00f3n del Grupo de Artiller\u00eda 10. Tambi\u00e9n los Veteranos de guerra de Malvinas, junto a los vecinos, realizar\u00e1n la reafirmaci\u00f3n de promesa a la Bandera. Vale recordar que, los Veteranos, en 1982, hicieron su juramento para defender la bandera hasta la muerte.<\/p>\n\n\n\n<p>Para este emotivo acto, desde la organizaci\u00f3n del mismo se invita a las instituciones de la comunidad a ser parte del mismo, como tambi\u00e9n a la comunidad en general, a que se acerquen con sus banderas. Por \u00faltimo, se inform\u00f3 que los asistentes podr\u00e1n disfrutar de un rico chocolate.<\/p>\n","protected":false},"excerpt":{"rendered":"<p>Ser\u00e1 ma\u00f1ana jueves desde las 11 en la Plaza Veteranos de Malvinas. desde la organizaci\u00f3n del mismo se<\/p>\n","protected":false},"author":2,"featured_media":149,"comment_status":"open","ping_status":"open","sticky":false,"template":"","format":"standard","meta":{"footnotes":""},"categories":[4],"tags":[],"class_list":["post-148","post","type-post","status-publish","format-standard","has-post-thumbnail","hentry","category-junin"],"_links":{"self":[{"href":"http:\/\/ainewsopen.com.ar\/junin\/wp-json\/wp\/v2\/posts\/148","targetHints":{"allow":["GET"]}}],"collection":[{"href":"http:\/\/ainewsopen.com.ar\/junin\/wp-json\/wp\/v2\/posts"}],"about":[{"href":"http:\/\/ainewsopen.com.ar\/junin\/wp-json\/wp\/v2\/types\/post"}],"author":[{"embeddable":true,"href":"http:\/\/ainewsopen.com.ar\/junin\/wp-json\/wp\/v2\/users\/2"}],"replies":[{"embeddable":true,"href":"http:\/\/ainewsopen.com.ar\/junin\/wp-json\/wp\/v2\/comments?post=148"}],"version-history":[{"count":1,"href":"http:\/\/ainewsopen.com.ar\/junin\/wp-json\/wp\/v2\/posts\/148\/revisions"}],"predecessor-version":[{"id":150,"href":"http:\/\/ainewsopen.com.ar\/junin\/wp-json\/wp\/v2\/posts\/148\/revisions\/150"}],"wp:featuredmedia":[{"embeddable":true,"href":"http:\/\/ainewsopen.com.ar\/junin\/wp-json\/wp\/v2\/media\/149"}],"wp:attachment":[{"href":"http:\/\/ainewsopen.com.ar\/junin\/wp-json\/wp\/v2\/media?parent=148"}],"wp:term":[{"taxonomy":"category","embeddable":true,"href":"http:\/\/ainewsopen.com.ar\/junin\/wp-json\/wp\/v2\/categories?post=148"},{"taxonomy":"post_tag","embeddable":true,"href":"http:\/\/ainewsopen.com.ar\/junin\/wp-json\/wp\/v2\/tags?post=148"}],"curies":[{"name":"wp","href":"https:\/\/api.w.org\/{rel}","templated":true}]}}