{"id":154,"date":"2024-06-24T18:57:10","date_gmt":"2024-06-24T18:57:10","guid":{"rendered":"http:\/\/ainewsopen.com.ar\/junin\/?p=154"},"modified":"2024-06-24T18:57:11","modified_gmt":"2024-06-24T18:57:11","slug":"convocan-a-las-escuelas-a-participar-de-visitas-guiadas-con-las-obras-de-luciano-molina","status":"publish","type":"post","link":"http:\/\/ainewsopen.com.ar\/junin\/convocan-a-las-escuelas-a-participar-de-visitas-guiadas-con-las-obras-de-luciano-molina\/","title":{"rendered":"Convocan a las escuelas a participar de visitas guiadas con las obras de Luciano Molina"},"content":{"rendered":"\n<p>Las fechas ser\u00e1n el 1\u00b0 y 8 de julio y el 7 y 14 de octubre, los interesados pueden inscribirse por formulario que lo encuentra en nuestra p\u00e1gina en Instagram o en p\u00e1gina oficial del Gobierno de Jun\u00edn<\/p>\n\n\n\n<p>La Direcci\u00f3n de Cultura del Gobierno de Jun\u00edn y la editorial \u201cRama Negra\u201d retoman con esta propuesta abierta y gratuita que consiste en un recorrido por la ciudad, en donde se abordan los principales puntos y sitios ic\u00f3nicos que forman parte de la novel \u201cNo abras la \u00faltima puerta\u201d del escritor juninense. Las citas ser\u00e1n el 1\u00b0 y 8 de julio y 7 y 14 de octubre, por lo que las instituciones educativas interesadas deben reservar sus turnos a trav\u00e9s de las redes sociales de Cultura Jun\u00edn o en www.junin.gob.ar<\/p>\n\n\n\n<p>Desde la editorial agradecen al Municipio por el permanente acompa\u00f1amiento y apoyo para concretar actividades de estas caracter\u00edsticas, que permiten abordar de forma din\u00e1mica la literatura y la promoci\u00f3n tur\u00edsticas de las calles de la ciudad.<\/p>\n\n\n\n<p>A prop\u00f3sito de esto, Agustina Barbosa, directora de Cultura de la Municipalidad, declar\u00f3: \u201cEsta es una propuesta que tiene lugar gracias a la buena articulaci\u00f3n con la editorial \u2018Rama Negra\u2019 junto con Luciano Molina, quien tambi\u00e9n estuvo en la Feria del Libro, es una persona muy querida por sus lectores y alguien siempre muy predispuesto para el trabajo en conjunto\u201d, y a\u00f1adi\u00f3: \u201cEl a\u00f1o pasado innovamos con estas visitas guiadas de las que particip\u00f3 tambi\u00e9n el Instituto Superior del Profesorado, y ahora buscamos retomarlas a esta altura del a\u00f1o a modo de apuesta\u201d.<\/p>\n\n\n\n<p>\u201cPara nosotras es muy importante que est\u00e9 Luciano porque la gente siempre est\u00e1 muy interesada en poder hablar con \u00e9l, siempre es una buena oportunidad para aprovechar y charlar con un escritor que nos guste\u201d, dijo Barbosa y agreg\u00f3: \u201cQue est\u00e9 \u2018Rama Negra\u2019 con nosotros tambi\u00e9n es muy importante porque es una instituci\u00f3n a la que queremos mucho\u201d.<\/p>\n\n\n\n<p>Seguidamente, la funcionaria indic\u00f3 que \u201cinvitamos a todas las escuelas de Jun\u00edn a que participen de esta propuesta totalmente gratuita, el recorrido comenzar\u00e1 desde la biblioteca \u2018Bernardino Rivadavia\u2019 y pasamos por los distintos puntos que se mencionan en el libro\u201d. En continuidad, inform\u00f3 que \u201clas fechas ser\u00e1n el 1\u00b0 y 8 de julio y el 7 y 14 de octubre, los interesados pueden inscribirse por formulario que lo encuentra en nuestra p\u00e1gina en Instagram o en p\u00e1gina oficial del Gobierno de Jun\u00edn\u201d.<\/p>\n\n\n\n<p>A su turno, Mar\u00eda Silvia Biancardi, de la Editorial \u201cRama Negra\u201d, expuso que \u201cpara nosotros es s\u00faper importante contar con este apoyo por parte de la Municipalidad para concretar una actividad de estas caracter\u00edsticas, que lo que busca es sacar al libro del objeto y sus p\u00e1ginas para trasladarlo por las calles de la ciudad\u201d.<\/p>\n\n\n\n<p>Asimismo, coment\u00f3 que \u201ces muy importante tambi\u00e9n que el libro sea \u2018No abras la \u00faltima puerta\u2019 en particular, porque tuvo un reconocimiento muy importante no solo en la zona, ya que el a\u00f1o pasado se repartieron en todas las escuelas de la provincia por medio del programa \u2018Identidad Bonaerense\u2019 y gracias a esto los chicos de todo el territorio bonaerense pueden conocer m\u00e1s sobre las calles de Jun\u00edn, gracias a Luciano Molina y su novela\u201d.<\/p>\n\n\n\n<p>\u201cQueremos que todas las instituciones escolares aprovechen esta propuesta did\u00e1ctica y gratuita, estamos muy agradecidos por el acompa\u00f1amiento y trabajo conjunto con la Municipalidad y la Direcci\u00f3n de Cultura porque de lo contrario esto no ser\u00eda posible\u201d, afirm\u00f3 Biancardi.<\/p>\n\n\n\n<p>En referencia al recorrido planificado, detall\u00f3 que \u201cel mismo se inicia en la biblioteca municipal \u2018Bernardino Rivadavia\u2019 porque que es un lugar c\u00e1lido que siempre nos recibe de la mejor manera y aparece en la novela, y se van a recorrer las cuatro puertas que son centrales en esta obra literaria con la terminaci\u00f3n en el Chalet de Mr. York y en el cementerio\u201d.<\/p>\n","protected":false},"excerpt":{"rendered":"<p>Las fechas ser\u00e1n el 1\u00b0 y 8 de julio y el 7 y 14 de octubre, los interesados<\/p>\n","protected":false},"author":2,"featured_media":155,"comment_status":"open","ping_status":"open","sticky":false,"template":"","format":"standard","meta":{"footnotes":""},"categories":[4],"tags":[],"class_list":["post-154","post","type-post","status-publish","format-standard","has-post-thumbnail","hentry","category-junin"],"_links":{"self":[{"href":"http:\/\/ainewsopen.com.ar\/junin\/wp-json\/wp\/v2\/posts\/154","targetHints":{"allow":["GET"]}}],"collection":[{"href":"http:\/\/ainewsopen.com.ar\/junin\/wp-json\/wp\/v2\/posts"}],"about":[{"href":"http:\/\/ainewsopen.com.ar\/junin\/wp-json\/wp\/v2\/types\/post"}],"author":[{"embeddable":true,"href":"http:\/\/ainewsopen.com.ar\/junin\/wp-json\/wp\/v2\/users\/2"}],"replies":[{"embeddable":true,"href":"http:\/\/ainewsopen.com.ar\/junin\/wp-json\/wp\/v2\/comments?post=154"}],"version-history":[{"count":1,"href":"http:\/\/ainewsopen.com.ar\/junin\/wp-json\/wp\/v2\/posts\/154\/revisions"}],"predecessor-version":[{"id":156,"href":"http:\/\/ainewsopen.com.ar\/junin\/wp-json\/wp\/v2\/posts\/154\/revisions\/156"}],"wp:featuredmedia":[{"embeddable":true,"href":"http:\/\/ainewsopen.com.ar\/junin\/wp-json\/wp\/v2\/media\/155"}],"wp:attachment":[{"href":"http:\/\/ainewsopen.com.ar\/junin\/wp-json\/wp\/v2\/media?parent=154"}],"wp:term":[{"taxonomy":"category","embeddable":true,"href":"http:\/\/ainewsopen.com.ar\/junin\/wp-json\/wp\/v2\/categories?post=154"},{"taxonomy":"post_tag","embeddable":true,"href":"http:\/\/ainewsopen.com.ar\/junin\/wp-json\/wp\/v2\/tags?post=154"}],"curies":[{"name":"wp","href":"https:\/\/api.w.org\/{rel}","templated":true}]}}