{"id":167,"date":"2024-07-02T19:45:02","date_gmt":"2024-07-02T19:45:02","guid":{"rendered":"http:\/\/ainewsopen.com.ar\/junin\/?p=167"},"modified":"2024-07-02T19:45:02","modified_gmt":"2024-07-02T19:45:02","slug":"la-agencia-regional-de-desarrollo-de-junin-presento-su-tarea-a-los-concejales","status":"publish","type":"post","link":"http:\/\/ainewsopen.com.ar\/junin\/la-agencia-regional-de-desarrollo-de-junin-presento-su-tarea-a-los-concejales\/","title":{"rendered":"La Agencia Regional de Desarrollo de Jun\u00edn present\u00f3 su tarea a los concejales"},"content":{"rendered":"\n<p>En el encuentro se analiz\u00f3 el recorrido de la Agencia, presidida por la Sociedad Comercio e Industria de Jun\u00edn (SCIJ), as\u00ed como sus objetivos a futuro, en base a los emergentes que surgieron del proceso en marcha de construcci\u00f3n de la Agenda Estrat\u00e9gica de los 200 a\u00f1os.<\/p>\n\n\n\n<p>Miembros de la Agencia Regional de Desarrollo de Jun\u00edn y los presidentes de los bloques del Concejo Deliberante de Jun\u00edn participaron de una reuni\u00f3n de trabajo conjunta, con el objetivo de presentar la actualidad de la entidad y compartir el rol actual de las Agencias en el desarrollo en nuestro pa\u00eds, como espacio plural de articulaci\u00f3n para el mejor dise\u00f1o de las pol\u00edticas p\u00fablicas.<\/p>\n\n\n\n<p>En el encuentro se analiz\u00f3 el recorrido de la Agencia, presidida por la Sociedad Comercio e Industria de Jun\u00edn (SCIJ), as\u00ed como sus objetivos a futuro, en base a los emergentes que surgieron del proceso en marcha de construcci\u00f3n de la Agenda Estrat\u00e9gica de los 200 a\u00f1os.<\/p>\n\n\n\n<p>En representaci\u00f3n de los distintos bloques, asistieron: Javier Prandi (Juntos por el Cambio), Mart\u00edn Palma (Uni\u00f3n por la Patria), y Juan Manuel Cornaglia Re (La Libertad Avanza).<\/p>\n\n\n\n<p>La presidenta de la entidad empresaria, Marianela Mucciolo, acompa\u00f1ada por Claudio Roggero, miembro de comisi\u00f3n directiva, explic\u00f3 que \u00abnos reunimos con concejales que asistieron en representaci\u00f3n de cada bloque para contarles qu\u00e9 trabajos estamos realizando desde la Agencia, que son de suma importancia para la comunidad, y los invitamos a acompa\u00f1arnos en los objetivos que tenemos a futuro\u00bb.<\/p>\n\n\n\n<p>Adem\u00e1s, estuvieron presentes Eduardo Albarello, secretario de Desarrollo Econ\u00f3mico del Gobierno de Jun\u00edn, Hern\u00e1n Guibelalde, en representaci\u00f3n de la Sociedad Rural de Jun\u00edn (SRJ), Ricardo De La Fuente, por la C\u00e1mara Pyme del Noroeste de la provincia de Buenos Aires (CAPYNOBA), y Rosana Franco, por la Federaci\u00f3n Agraria filial Jun\u00edn.<\/p>\n","protected":false},"excerpt":{"rendered":"<p>En el encuentro se analiz\u00f3 el recorrido de la Agencia, presidida por la Sociedad Comercio e Industria de<\/p>\n","protected":false},"author":2,"featured_media":168,"comment_status":"open","ping_status":"open","sticky":false,"template":"","format":"standard","meta":{"footnotes":""},"categories":[4],"tags":[],"class_list":["post-167","post","type-post","status-publish","format-standard","has-post-thumbnail","hentry","category-junin"],"_links":{"self":[{"href":"http:\/\/ainewsopen.com.ar\/junin\/wp-json\/wp\/v2\/posts\/167","targetHints":{"allow":["GET"]}}],"collection":[{"href":"http:\/\/ainewsopen.com.ar\/junin\/wp-json\/wp\/v2\/posts"}],"about":[{"href":"http:\/\/ainewsopen.com.ar\/junin\/wp-json\/wp\/v2\/types\/post"}],"author":[{"embeddable":true,"href":"http:\/\/ainewsopen.com.ar\/junin\/wp-json\/wp\/v2\/users\/2"}],"replies":[{"embeddable":true,"href":"http:\/\/ainewsopen.com.ar\/junin\/wp-json\/wp\/v2\/comments?post=167"}],"version-history":[{"count":1,"href":"http:\/\/ainewsopen.com.ar\/junin\/wp-json\/wp\/v2\/posts\/167\/revisions"}],"predecessor-version":[{"id":169,"href":"http:\/\/ainewsopen.com.ar\/junin\/wp-json\/wp\/v2\/posts\/167\/revisions\/169"}],"wp:featuredmedia":[{"embeddable":true,"href":"http:\/\/ainewsopen.com.ar\/junin\/wp-json\/wp\/v2\/media\/168"}],"wp:attachment":[{"href":"http:\/\/ainewsopen.com.ar\/junin\/wp-json\/wp\/v2\/media?parent=167"}],"wp:term":[{"taxonomy":"category","embeddable":true,"href":"http:\/\/ainewsopen.com.ar\/junin\/wp-json\/wp\/v2\/categories?post=167"},{"taxonomy":"post_tag","embeddable":true,"href":"http:\/\/ainewsopen.com.ar\/junin\/wp-json\/wp\/v2\/tags?post=167"}],"curies":[{"name":"wp","href":"https:\/\/api.w.org\/{rel}","templated":true}]}}