{"id":173,"date":"2024-07-02T20:00:13","date_gmt":"2024-07-02T20:00:13","guid":{"rendered":"http:\/\/ainewsopen.com.ar\/junin\/?p=173"},"modified":"2024-07-02T20:00:13","modified_gmt":"2024-07-02T20:00:13","slug":"alumnos-de-las-casitas-del-saber-participaron-de-una-nueva-edicion-de-plantando-valores-en-el-parque-natural-laguna-de-gomez","status":"publish","type":"post","link":"http:\/\/ainewsopen.com.ar\/junin\/alumnos-de-las-casitas-del-saber-participaron-de-una-nueva-edicion-de-plantando-valores-en-el-parque-natural-laguna-de-gomez\/","title":{"rendered":"Alumnos de las Casitas del Saber participaron de una nueva edici\u00f3n de \u201cPlantando Valores\u201d en el Parque Natural \u00abLaguna de G\u00f3mez\u00bb"},"content":{"rendered":"\n<p>Esta iniciativa tiene como prop\u00f3sito concientizar sobre el cuidado del medio ambiente y poner en valor el Parque Natural Laguna de G\u00f3mez. Recorrieron el Centro de Informaci\u00f3n Tur\u00edstica, el Acuario Municipal y el Museo Municipal de Paleontolog\u00eda, y, a modo de cierre, los chicos recibieron una charla para luego proceder a la plantaci\u00f3n de un \u00e1rbol.<\/p>\n\n\n\n<p>En el marco del programa Plantando Valores, impulsado por el Gobierno de Jun\u00edn, a trav\u00e9s de las \u00e1reas de Turismo, Educaci\u00f3n, Medio Ambiente y Cultura, se llev\u00f3 a cabo una nueva jornada donde participaron alrededor de 50 ni\u00f1os de 5 a 14 a\u00f1os, los cuales forman parte de las casitas del saber de los barrios San Antonio y Villa del Parque.<\/p>\n\n\n\n<p>Esta iniciativa que tiene como prop\u00f3sito concientizar sobre el cuidado del medio ambiente y poner en valor el Parque Natural Laguna de G\u00f3mez, recorri\u00f3 el Centro de Informaci\u00f3n Tur\u00edstica, el Acuario Municipal y el Museo Municipal de Paleontolog\u00eda, y, a modo de cierre, los chicos recibieron una charla para luego proceder a la plantaci\u00f3n de un \u00e1rbol.<\/p>\n\n\n\n<p>Desde la Direcci\u00f3n de Educaci\u00f3n valoraron que fomentar la educaci\u00f3n ambiental con actividades recreativas y de aprendizaje para ni\u00f1os y j\u00f3venes, es una l\u00ednea en la cual se trabaja con mucho compromiso, al igual que promover el conocimiento del patrimonio natural y fomentar su cuidado.<\/p>\n\n\n\n<p>Al respecto de la actividad, Ver\u00f3nica Ferrarezi, directora de Educaci\u00f3n, manifest\u00f3: \u201cEstamos muy contentos que en esta oportunidad los chicos que integran las Casitas del Saber est\u00e9n recorriendo el PNLG, m\u00e1s de 50 ni\u00f1os son los que est\u00e1n participando junto a la coordinadora del programa y las dem\u00e1s docentes, desde nuestra \u00e1rea estamos acompa\u00f1ando este momento y podemos ver el entusiasmo de los chicos\u201d:<\/p>\n\n\n\n<p>\u201cEl programa \u201cPlantando Valores\u201d surge de la Subsecretar\u00eda de Turismo y somos distintas \u00e1reas de la Municipalidad las que lo llevamos adelante, Educaci\u00f3n en lo que tiene que ver la informaci\u00f3n, Cultura, ya que recorren el MUMPA, ubicado en este espacio, y Medio Ambiente para la acci\u00f3n final, donde ellos mismos plantan un \u00e1rbol, apunta a reforestar una zona espec\u00edfica\u201d, cont\u00f3.<\/p>\n\n\n\n<p>Al mismo tiempo se\u00f1al\u00f3 que \u201cesto consiste en una iniciativa con mucho valor, donde no s\u00f3lo es recorrer la laguna, sino conocer todo lo que podemos descubrir de flora y fauna dentro del Parque Natural, as\u00ed como tambi\u00e9n reforestar una parte de nuestra ciudad que mucha falta le hace\u201d.<\/p>\n\n\n\n<p>Para cerrar, la Directora de Educaci\u00f3n, inform\u00f3: \u201cEn esta oportunidad vinieron los chicos de casitas del saber, pero no dejamos de invitar a todas las instituciones educativas que quieran participar del programa, aquellos que tengan ganas de hacerlo, pueden mandar un email a trav\u00e9s de la jefatura distrital para solicitarlo\u201d.<\/p>\n\n\n\n<p>Por su parte, Alejandra Tintorelli, coordinadora de las Casitas del Saber, se mostr\u00f3 muy entusiasmada por la actividad y expres\u00f3: \u201cNos encanta que los chicos puedan disfrutar de todo esto, que conozcan su ciudad, sobre todo en PNLG, que es un atractivo tur\u00edstico muy importante, es algo en lo que estuvimos trabajando bastante, y ellos se mostraron interesados\u201d.<\/p>\n\n\n\n<p>\u201cTodo lo que fuimos recorriendo est\u00e1 muy relacionado con lo que vienen trabajando, tanto lo que respecta a Medio Ambiente, como a la Informaci\u00f3n Tur\u00edstica, entre otras cuestiones, incluso est\u00e1n organiz\u00e1ndose entre ambos espacios un corto para participar de un proyecto que hay a nivel educativo y que justamente est\u00e1 relacionado con la tem\u00e1tica entonces est\u00e1n aprovechando esta visita para ver desde qu\u00e9 punto lo pueden planificar\u201d, explic\u00f3.<\/p>\n\n\n\n<p>En continuidad, la Coordinadora agreg\u00f3 que \u201ciniciamos en el Centro de Informaci\u00f3n Tur\u00edstica, all\u00ed los chicos dejaron un regalo realizado con cartapesta pintada, se trata de una ballena, la cual fue entrega al subsecretario, Luis Bortolato, luego nos trasladamos al MUMPA, al salir todos buscaban huesos en el recorrido que sigui\u00f3, se los ve\u00eda a todos muy entusiasmados, al igual que en el Acuario Municipal, estas son las cosas que suman, y lo celebramos<\/p>\n\n\n\n<p>Para finalizar, se refiri\u00f3 a la experiencia y destac\u00f3: \u201cEsta una actividad recreativa y de aprendizaje, y ese es el objetivo que tienen las Casitas del Saber, y la verdad que son chicos de diferentes edades y cada uno con su edad disfruta a su modo, tanto el paseo al aire libre, que hace al recorrido, como toda la parte de informaci\u00f3n y aprendizaje, estamos muy contentos de estar participando de esto\u201d.<\/p>\n\n\n\n<figure class=\"wp-block-embed is-type-video is-provider-youtube wp-block-embed-youtube wp-embed-aspect-16-9 wp-has-aspect-ratio\"><div class=\"wp-block-embed__wrapper\">\n<iframe title=\"Alumnos de las Casitas del Saber participaron de una nueva edici\u00f3n de \u201cPlantando Valores\u201d en el PNLG\" width=\"640\" height=\"360\" src=\"https:\/\/www.youtube.com\/embed\/kEaf4MWXzSM?feature=oembed\" frameborder=\"0\" allow=\"accelerometer; autoplay; clipboard-write; encrypted-media; gyroscope; picture-in-picture; web-share\" referrerpolicy=\"strict-origin-when-cross-origin\" allowfullscreen><\/iframe>\n<\/div><\/figure>\n","protected":false},"excerpt":{"rendered":"<p>Esta iniciativa tiene como prop\u00f3sito concientizar sobre el cuidado del medio ambiente y poner en valor el Parque<\/p>\n","protected":false},"author":2,"featured_media":174,"comment_status":"open","ping_status":"open","sticky":false,"template":"","format":"standard","meta":{"footnotes":""},"categories":[4],"tags":[],"class_list":["post-173","post","type-post","status-publish","format-standard","has-post-thumbnail","hentry","category-junin"],"_links":{"self":[{"href":"http:\/\/ainewsopen.com.ar\/junin\/wp-json\/wp\/v2\/posts\/173","targetHints":{"allow":["GET"]}}],"collection":[{"href":"http:\/\/ainewsopen.com.ar\/junin\/wp-json\/wp\/v2\/posts"}],"about":[{"href":"http:\/\/ainewsopen.com.ar\/junin\/wp-json\/wp\/v2\/types\/post"}],"author":[{"embeddable":true,"href":"http:\/\/ainewsopen.com.ar\/junin\/wp-json\/wp\/v2\/users\/2"}],"replies":[{"embeddable":true,"href":"http:\/\/ainewsopen.com.ar\/junin\/wp-json\/wp\/v2\/comments?post=173"}],"version-history":[{"count":1,"href":"http:\/\/ainewsopen.com.ar\/junin\/wp-json\/wp\/v2\/posts\/173\/revisions"}],"predecessor-version":[{"id":175,"href":"http:\/\/ainewsopen.com.ar\/junin\/wp-json\/wp\/v2\/posts\/173\/revisions\/175"}],"wp:featuredmedia":[{"embeddable":true,"href":"http:\/\/ainewsopen.com.ar\/junin\/wp-json\/wp\/v2\/media\/174"}],"wp:attachment":[{"href":"http:\/\/ainewsopen.com.ar\/junin\/wp-json\/wp\/v2\/media?parent=173"}],"wp:term":[{"taxonomy":"category","embeddable":true,"href":"http:\/\/ainewsopen.com.ar\/junin\/wp-json\/wp\/v2\/categories?post=173"},{"taxonomy":"post_tag","embeddable":true,"href":"http:\/\/ainewsopen.com.ar\/junin\/wp-json\/wp\/v2\/tags?post=173"}],"curies":[{"name":"wp","href":"https:\/\/api.w.org\/{rel}","templated":true}]}}