{"id":182,"date":"2024-07-04T19:06:57","date_gmt":"2024-07-04T19:06:57","guid":{"rendered":"http:\/\/ainewsopen.com.ar\/junin\/?p=182"},"modified":"2024-07-04T19:06:58","modified_gmt":"2024-07-04T19:06:58","slug":"ferrarezi-queremos-trabajar-en-equipo-para-fortalecer-los-centros-de-estudiantes","status":"publish","type":"post","link":"http:\/\/ainewsopen.com.ar\/junin\/ferrarezi-queremos-trabajar-en-equipo-para-fortalecer-los-centros-de-estudiantes\/","title":{"rendered":"Ferrarezi: \u201cQueremos trabajar en equipo para fortalecer los centros de estudiantes\u00bb"},"content":{"rendered":"\n<p>Siguen las reuniones para implementar el programa establecido por ordenanza. Estuvieron presentes concejales de los bloques de Uni\u00f3n por la Patria (UxP), Juntos y La Libertad Avanza (LLA) y, desde este \u00faltimo espacio, afirmaron que se convocar\u00e1 desde la comisi\u00f3n de Educaci\u00f3n del Honorable Concejo Deliberante a las autoridades de la Jefatura Distrital para conversar sobre la necesidad de avanzar sobre este punto en beneficio de los estudiantes de todos los niveles.<\/p>\n\n\n\n<p>Se llev\u00f3 a cabo la segunda reuni\u00f3n de la mesa coordinadora para avanzar con la implementaci\u00f3n del programa que busca fortalecer los centros de estudiantes, vigente bajo la ordenanza 7062, de la que participaron todos los actores involucrados como funcionarios de Juventud y Educaci\u00f3n, concejales de los distintos bloques y referentes del Consejo Escolar, con la excepci\u00f3n nuevamente de Jefatura Distrital a pesar de la convocatoria realizada. \u201cVamos a seguir insistiendo para que formen parte de esto porque es una ordenanza vigente\u201d, asegur\u00f3 la directora Ver\u00f3nica Ferrarezi.<\/p>\n\n\n\n<p>Estuvieron presentes concejales de los bloques de Uni\u00f3n por la Patria (UxP), Juntos y La Libertad Avanza (LLA) y, desde este \u00faltimo espacio, afirmaron que se convocar\u00e1 desde la comisi\u00f3n de Educaci\u00f3n del Honorable Concejo Deliberante a las autoridades de la Jefatura Distrital para conversar sobre la necesidad de avanzar sobre este punto en beneficio de los estudiantes de todos los niveles.<\/p>\n\n\n\n<p>A prop\u00f3sito del desarrollo de este nuevo encuentro y los part\u00edcipes del mismo, Ver\u00f3nica Ferrarezi, directora de Educaci\u00f3n del Municipio, manifest\u00f3: \u201cConcretamos una nueva reuni\u00f3n de la mesa coordinadora de trabajo por el programa de Fortalecimiento de los Centros de Estudiantes, en la cual participaron concejales de los distintos bloques que forman parte del HCD como Clara Bozzano de UxP, Emilse Marini de Juntos y Juan Manuel Cornaglia R\u00e9 por LLA, como tambi\u00e9n Anah\u00ed Gutierrez y Rosario Sosa por parte del Consejo Escolar\u201d. Luego, a\u00f1adi\u00f3 que \u201ccomo parte del Gobierno de Jun\u00edn estuvimos Agostina Larocca por la Direcci\u00f3n de Juventud y yo por la Direcci\u00f3n de Educaci\u00f3n\u201d.<\/p>\n\n\n\n<p>Seguidamente, recalc\u00f3 que \u201ca pesar de la convocatoria que hicimos, nuevamente se ausentaron desde la Jefatura Distrital, quienes nos mandaron un mail en el que argumentaron que ellos ya vienen trabajando por su parte con centros de estudiantes y asociaciones\u201d. En continuidad, la funcionaria afirm\u00f3 que \u201cnosotros buscamos por medio de esta ordenanzas fortalecer a los centro de estudiantes y realizar acciones conjuntas en beneficios de los alumnos de todo Jun\u00edn, no solo de nivel secundario, sino tambi\u00e9n tenemos en cuenta a los niveles terciario y superior\u201d.<\/p>\n\n\n\n<p>\u201cPara nosotros es fundamental poder trabajar en equipo con Distrital para el beneficio de todos los estudiantes, pero lamentablemente no nos est\u00e1n dando la posibilidad de hacerlo\u201d, subray\u00f3 Ferrarezi y agreg\u00f3: \u201cVamos a seguir insistiendo para que formen parte de esto porque se trata de una ordenanza que est\u00e1 vigente al d\u00eda de hoy y no puede ser que por una de una de las partes involucradas no se pueda avanzar\u201d.<\/p>\n\n\n\n<p>A su turno, Agostina Larocca, titular de la Direcci\u00f3n de Juventud, expres\u00f3 al respecto: \u201cComo funcionarios p\u00fablicos tenemos el deber de trabajar para la ciudadan\u00eda y es muy importante hacerlo en red, sin obviar una ordenanza que existe en la realidad que busca el fortalecimiento de los centros de estudiantes en beneficio de los j\u00f3venes\u201d, y complement\u00f3: \u201cEste trabajo en equipo no est\u00e1 sucediendo porque somos siempre los mismos responsables los que nos sentamos a la mesa, por lo cual ser\u00eda bueno que Jefatura Distrital pueda hacerse presente y exponer sus puntos de vista al respecto\u201d.<\/p>\n\n\n\n<p>Asimismo, Larocca dijo que \u201cdesde la Direcci\u00f3n de Juventud abogamos siempre por el trabajo en conjunto porque hay muchos j\u00f3venes que constantemente nos expresan su confusi\u00f3n sobre lo que est\u00e1 sucediendo, que nos demandan respuestas y creaciones de programas y solos no podemos abarcar todo, sino que precisamos de la articulaci\u00f3n\u201d. Igualmente, expuso que \u201ces muy triste ver que por una de las partes involucradas no podamos avanzar en el cumplimiento de la ordenanza 7062 que implica cuestiones claves como el asesoramiento jur\u00eddico y econ\u00f3mico, entre otras\u201d.<\/p>\n\n\n\n<p>En tanto, Juan Manuel Cornaglia R\u00e9, concejal de LLA, declar\u00f3: \u201cQu\u00e9 mejor que la participaci\u00f3n de los distintos actores involucrados en la educaci\u00f3n a nivel local y provincial para mejorar el sistema educativo, adem\u00e1s de todas las herramientas con las que cuenta el Municipio para eso\u201d, y ampli\u00f3: \u201cEs una l\u00e1stima que la Jefatura Distrital no haya estado presente en las primeras dos reuniones\u201d.<\/p>\n\n\n\n<p>\u201cEn un principio luego de la reuni\u00f3n resolvimos convocar desde la comisi\u00f3n de Educaci\u00f3n del HCD a la Jefatura Distrital para conversar sobre el tema, porque entendemos que en cuestiones educativas hay que dejar de lado todo partidismo pol\u00edtico, mezquindades y ego\u00edsmos, para trabajar en conjunto con el fin de aportar nuevas ideas y fortalecer los espacios de escucha que los chicos y j\u00f3venes merecen\u201d, subray\u00f3 Cornaglia R\u00e9.<\/p>\n\n\n\n<p>Por \u00faltimo, el edil dijo que \u201cqueremos que todas las voces de los actores involucrados sean escuchadas, porque todos cuentan con herramientas y recursos para aportar a la causa\u201d.<\/p>\n","protected":false},"excerpt":{"rendered":"<p>Siguen las reuniones para implementar el programa establecido por ordenanza. Estuvieron presentes concejales de los bloques de Uni\u00f3n<\/p>\n","protected":false},"author":2,"featured_media":183,"comment_status":"open","ping_status":"open","sticky":false,"template":"","format":"standard","meta":{"footnotes":""},"categories":[4],"tags":[],"class_list":["post-182","post","type-post","status-publish","format-standard","has-post-thumbnail","hentry","category-junin"],"_links":{"self":[{"href":"http:\/\/ainewsopen.com.ar\/junin\/wp-json\/wp\/v2\/posts\/182","targetHints":{"allow":["GET"]}}],"collection":[{"href":"http:\/\/ainewsopen.com.ar\/junin\/wp-json\/wp\/v2\/posts"}],"about":[{"href":"http:\/\/ainewsopen.com.ar\/junin\/wp-json\/wp\/v2\/types\/post"}],"author":[{"embeddable":true,"href":"http:\/\/ainewsopen.com.ar\/junin\/wp-json\/wp\/v2\/users\/2"}],"replies":[{"embeddable":true,"href":"http:\/\/ainewsopen.com.ar\/junin\/wp-json\/wp\/v2\/comments?post=182"}],"version-history":[{"count":1,"href":"http:\/\/ainewsopen.com.ar\/junin\/wp-json\/wp\/v2\/posts\/182\/revisions"}],"predecessor-version":[{"id":184,"href":"http:\/\/ainewsopen.com.ar\/junin\/wp-json\/wp\/v2\/posts\/182\/revisions\/184"}],"wp:featuredmedia":[{"embeddable":true,"href":"http:\/\/ainewsopen.com.ar\/junin\/wp-json\/wp\/v2\/media\/183"}],"wp:attachment":[{"href":"http:\/\/ainewsopen.com.ar\/junin\/wp-json\/wp\/v2\/media?parent=182"}],"wp:term":[{"taxonomy":"category","embeddable":true,"href":"http:\/\/ainewsopen.com.ar\/junin\/wp-json\/wp\/v2\/categories?post=182"},{"taxonomy":"post_tag","embeddable":true,"href":"http:\/\/ainewsopen.com.ar\/junin\/wp-json\/wp\/v2\/tags?post=182"}],"curies":[{"name":"wp","href":"https:\/\/api.w.org\/{rel}","templated":true}]}}