{"id":198,"date":"2024-07-11T19:57:32","date_gmt":"2024-07-11T19:57:32","guid":{"rendered":"http:\/\/ainewsopen.com.ar\/junin\/?p=198"},"modified":"2024-07-11T19:57:32","modified_gmt":"2024-07-11T19:57:32","slug":"el-actual-es-el-tercer-invierno-mas-frio-en-junin-en-los-ultimos-57-anos","status":"publish","type":"post","link":"http:\/\/ainewsopen.com.ar\/junin\/el-actual-es-el-tercer-invierno-mas-frio-en-junin-en-los-ultimos-57-anos\/","title":{"rendered":"El actual es el tercer invierno m\u00e1s fr\u00edo en Jun\u00edn en los \u00faltimos 57 a\u00f1os"},"content":{"rendered":"\n<p>Hasta el momento el del s\u00e1bado pasado se convierte en el tercer registro m\u00e1s bajo en casi 60 a\u00f1os en Jun\u00edn con 7 grados 6 d\u00e9cimas bajo cero. El anterior fue en 2004 con ocho grados bajo cero y m\u00e1s atr\u00e1s hay que remontarse hasta 1967 con dos marcas r\u00e9cords en junio: 9 grados 2 d\u00e9cimas bajo cero y 78 grados 6 d\u00e9cimas bajo cero. La ola polar intensa seguir\u00e1 hasta el domingo.<\/p>\n\n\n\n<p>6 grados 4 d\u00e9cimas bajo cero a las 8 de la ma\u00f1ana y 10 grados 4 d\u00e9cimas a las 16 fueron los extremos t\u00e9rmicos de este mi\u00e9rcoles 10 de julio, un nuevo d\u00eda de ola polar que afecta a la regi\u00f3n y al pa\u00eds, convirtiendo a la Argentina en la regi\u00f3n m\u00e1s fr\u00eda del planeta para esta \u00e9poca del a\u00f1o.<\/p>\n\n\n\n<p>En los primeros minutos de este jueves 11 la temperatura en Jun\u00edn y la zona era de dos grados bajo cero.<\/p>\n\n\n\n<p>Las temperaturas bajo cero se mantendr\u00e1n hasta el domingo 14 con 1 grados bajo cero y 13 grados de m\u00e1xima y desde el lunes 15, ya en plena vacaciones de invierno, se anuncian temperaturas bajas a\u00fan pero ya sobre cero. Ese d\u00eda la m\u00ednima ser\u00e1 de un grado y la m\u00e1xima de 16 grados; el martes 16 la m\u00ednima ser\u00e1 de 3 grados y 17 grados de m\u00e1xima y el mi\u00e9rcoles 17, seis grados de m\u00ednima y 19 grados de m\u00e1xima.<\/p>\n\n\n\n<p><strong>ALERTA ROJA POR LA OLA OLA POLAR<\/strong><\/p>\n\n\n\n<p>En tanto toda la provincia de Buenos Aires y consecuentemente Jun\u00edn y la regi\u00f3n se encuentran en alerta roja por las temperaturas bajo cero. Esto indica que las temperaturas bajas intensas pueden tener un efecto alto a extremo en la salud y ser muy peligrosas. Pueden afectar a todas las personas, incluso a las saludables.<\/p>\n\n\n\n<p><strong>LAS TEMPERATURAS DEL MIERCOLES EN JUNIN<\/strong><\/p>\n\n\n\n<figure class=\"wp-block-image size-full\"><a href=\"http:\/\/ainewsopen.com.ar\/junin\/wp-content\/uploads\/2024\/07\/TEMPERATURAS-MIERCOLES-scaled-1.jpg\"><img fetchpriority=\"high\" decoding=\"async\" width=\"626\" height=\"930\" src=\"http:\/\/ainewsopen.com.ar\/junin\/wp-content\/uploads\/2024\/07\/TEMPERATURAS-MIERCOLES-scaled-1.jpg\" alt=\"\" class=\"wp-image-199\" srcset=\"http:\/\/ainewsopen.com.ar\/junin\/wp-content\/uploads\/2024\/07\/TEMPERATURAS-MIERCOLES-scaled-1.jpg 626w, http:\/\/ainewsopen.com.ar\/junin\/wp-content\/uploads\/2024\/07\/TEMPERATURAS-MIERCOLES-scaled-1-202x300.jpg 202w\" sizes=\"(max-width: 626px) 100vw, 626px\" \/><\/a><\/figure>\n\n\n\n<p><strong>NO HAY HUMEDAD Y ENTONCES NO HAYA ESCARCHA BLANCA<\/strong><\/p>\n\n\n\n<p>Vanina Ferrero, meteor\u00f3loga a cargo de la Estaci\u00f3n Meteorol\u00f3gica con asiento en Aer\u00f3dromo Jun\u00edn se\u00f1al\u00f3 en declaraciones al programa informativo de Canal 10 de Jun\u00edn, que \u00abel s\u00e1bado hizo 7 grados 6 d\u00e9cimas bajo cero de m\u00ednima y la t\u00e9rmica estaba igual. No se ve tanta escarcha que a\u00f1os anteriores con m\u00ednimas m\u00e1s altas, eso es porque el ambiente est\u00e1 muy seco, no hay humedad entonces no se forma tanta escarcha y no se da la helada blanca, debido a la poca humedad ambiente. Las plantas se congelan desde adentro, por ejemplo, cuando sale el sol la planta se pone negra.<\/p>\n\n\n\n<p>\u00abEs mucho peor este tipo de heladas que la helada blanca que est\u00e1bamos acostumbrados a ver. Eso es lo que est\u00e1 pasando ahora\u00bb, detall\u00f3 Vanina entrevistada por la periodista Daniela Cant\u00fa para Canal 10 de Jun\u00edn.<\/p>\n\n\n\n<p>El d\u00eda m\u00e1s fr\u00edo hasta ahora fue de siete grados 6 d\u00e9cimas bajo cero el s\u00e1bado 6 de julio.<\/p>\n\n\n\n<p>\u00abLa humedad de alguna manera conserva el calor y ayuda a que las temperaturas no bajen tanto. El domingo la temperatura no fue negativa. El s\u00e1bado a la noche se empez\u00f3 a nublar, hab\u00eda un poco m\u00e1s de humedad y as\u00ed pasamos a dos grados de m\u00ednima el domingo, pero luego volvimos a amanecer con temperaturas bajo cero\u00bb, detall\u00f3 la especialista.<\/p>\n\n\n\n<p>\u00abSe mantiene hasta el domingo y de a poco las marcas comenzar\u00e1n a subir, no mucho\u00bb, indic\u00f3.<\/p>\n\n\n\n<p>Vanina cont\u00f3 que el registro m\u00e1s bajo para julio fue en 2004 con ocho grados bajo cero y el del s\u00e1bado ser\u00eda el segundo m\u00e1s bajo. En junio de 1967 hubo registros con nueve grados dos d\u00e9cimas bajo cero y ocho grados 6 d\u00e9cimas bajo cero\u00bb, sigui\u00f3 detallando la meteor\u00f3loga quien agreg\u00f3 que no hay precipitaciones mientras est\u00e9n instaladas las temperaturas tan bajas.<\/p>\n","protected":false},"excerpt":{"rendered":"<p>Hasta el momento el del s\u00e1bado pasado se convierte en el tercer registro m\u00e1s bajo en casi 60<\/p>\n","protected":false},"author":2,"featured_media":200,"comment_status":"open","ping_status":"open","sticky":false,"template":"","format":"standard","meta":{"footnotes":""},"categories":[4],"tags":[],"class_list":["post-198","post","type-post","status-publish","format-standard","has-post-thumbnail","hentry","category-junin"],"_links":{"self":[{"href":"http:\/\/ainewsopen.com.ar\/junin\/wp-json\/wp\/v2\/posts\/198","targetHints":{"allow":["GET"]}}],"collection":[{"href":"http:\/\/ainewsopen.com.ar\/junin\/wp-json\/wp\/v2\/posts"}],"about":[{"href":"http:\/\/ainewsopen.com.ar\/junin\/wp-json\/wp\/v2\/types\/post"}],"author":[{"embeddable":true,"href":"http:\/\/ainewsopen.com.ar\/junin\/wp-json\/wp\/v2\/users\/2"}],"replies":[{"embeddable":true,"href":"http:\/\/ainewsopen.com.ar\/junin\/wp-json\/wp\/v2\/comments?post=198"}],"version-history":[{"count":1,"href":"http:\/\/ainewsopen.com.ar\/junin\/wp-json\/wp\/v2\/posts\/198\/revisions"}],"predecessor-version":[{"id":201,"href":"http:\/\/ainewsopen.com.ar\/junin\/wp-json\/wp\/v2\/posts\/198\/revisions\/201"}],"wp:featuredmedia":[{"embeddable":true,"href":"http:\/\/ainewsopen.com.ar\/junin\/wp-json\/wp\/v2\/media\/200"}],"wp:attachment":[{"href":"http:\/\/ainewsopen.com.ar\/junin\/wp-json\/wp\/v2\/media?parent=198"}],"wp:term":[{"taxonomy":"category","embeddable":true,"href":"http:\/\/ainewsopen.com.ar\/junin\/wp-json\/wp\/v2\/categories?post=198"},{"taxonomy":"post_tag","embeddable":true,"href":"http:\/\/ainewsopen.com.ar\/junin\/wp-json\/wp\/v2\/tags?post=198"}],"curies":[{"name":"wp","href":"https:\/\/api.w.org\/{rel}","templated":true}]}}