{"id":202,"date":"2024-07-11T20:05:39","date_gmt":"2024-07-11T20:05:39","guid":{"rendered":"http:\/\/ainewsopen.com.ar\/junin\/?p=202"},"modified":"2024-07-11T20:05:40","modified_gmt":"2024-07-11T20:05:40","slug":"en-la-vigesima-campana-de-recoleccion-cien-juninenses-acercaron-residuos-electronicos-y-electricos","status":"publish","type":"post","link":"http:\/\/ainewsopen.com.ar\/junin\/en-la-vigesima-campana-de-recoleccion-cien-juninenses-acercaron-residuos-electronicos-y-electricos\/","title":{"rendered":"En la vig\u00e9sima campa\u00f1a de recolecci\u00f3n, cien juninenses acercaron residuos electr\u00f3nicos y el\u00e9ctricos"},"content":{"rendered":"\n<p>La actividad, llevada a cabo desde el \u00e1rea de Medio Ambiente del Gobierno de Jun\u00edn, incluye el posterior traslado a una de las unidades carcelarias del complejo penitenciario juninense para la recuperaci\u00f3n de piezas que a\u00fan funciones y despu\u00e9s s\u00ed, darles una disposici\u00f3n final acorde.<\/p>\n\n\n\n<p>La semana pasada culmin\u00f3 una nueva campa\u00f1a de recolecci\u00f3n de residuos electr\u00f3nicos y el\u00e9ctricos impulsada por el Gobierno de Jun\u00edn, a trav\u00e9s del \u00e1rea de Medio Ambiente. Alrededor de 100 vecinos acercaron sus residuos que, como se sabe, son trasladados a una Unidad Carcelaria para la recuperaci\u00f3n de piezas que a\u00fan funciones y despu\u00e9s s\u00ed, darles una disposici\u00f3n final acorde. Vale destacar que en esta oportunidad se sum\u00f3 la firma La Casa del Filtro, quien don\u00f3 plantines para entregar a los vecinos participantes.<\/p>\n\n\n\n<p>Desde la Subsecretar\u00eda de Medio Ambiente del Gobierno de Jun\u00edn se mostraron muy satisfechos por el desarrollo de la campa\u00f1a y destacaron la importancia de evitar que estos residuos que contienen sustancias peligrosas vayan al relleno sanitario o terminen siendo tirados en lugares no permitidos.<\/p>\n\n\n\n<p>A modo de balance sobre la nueva campa\u00f1a, Cecilia Laffaye, subsecretaria de Medio Ambiente de la Municipalidad, manifest\u00f3: \u201cEstamos muy satisfechos por c\u00f3mo se desarroll\u00f3 esta nueva edici\u00f3n de la campa\u00f1a ac\u00e1 en el Beto Mesa, gran cantidad de vecinos vinieron a traer sus residuos de aparatos el\u00e9ctricos y electr\u00f3nicos\u201d, y recalc\u00f3 que \u201cesta propuesta siempre da un saldo positivo porque el vecino tiene la posibilidad de traer este tipo de residuos y eso tiene un impacto muy importante en el ambiente\u201d.<\/p>\n\n\n\n<p>Seguidamente, indic\u00f3 que \u201cla iniciativa se desarroll\u00f3 muy bien en estos cuatro d\u00edas y todo lo recaudado se va a llevar a un penal, donde los internos los desarman y recuperan todas las partes que sirven todav\u00eda para reutilizarse de las que no\u201d.<\/p>\n\n\n\n<p>Adem\u00e1s, Laffaye hizo referencia al nombre de la campa\u00f1a \u201cOtro destino es posible\u201d: \u201cEsta es una corriente de residuos que es muy voluminosa, ocupa mucho espacio y el relleno sanitario tiene una capacidad finita y no es eterno, por lo cual todos debemos involucrarnos para cuidarlo para que vayan todos los residuos que son biodegradables\u201d. En continuidad, explic\u00f3 que \u201ceste tipo de residuos como los RAEE\u2019s tienen posibilidad de ser recuperados y reciclados, por lo que buscamos con esto que no vayan al relleno y tengan otro tipo de destino\u201d.<\/p>\n\n\n\n<p>En tanto, B\u00e1rbara Schwindt, coordinadora del \u00e1rea municipal mencionada, expuso: \u201cTuvimos una respuesta muy positiva en cada una de las localidades, los vecinos fueron replicando el mensaje y lo compartieron en sus redes sociales y eso suma un mont\u00f3n a la causa\u201d.<\/p>\n\n\n\n<p>Asimismo, Schwindt expres\u00f3 que \u201cqueremos agradecer a la firma La Casa del Filtro que particip\u00f3 con la donaci\u00f3n de plantines para que podamos hacer el intercambio con los vecinos. En este sentido, la gente se va contenta porque deja algo que ya no le sirve y se lleva algo con vida como un plant\u00edn que sirve para decorar y dar vida\u201d.<\/p>\n\n\n\n<p>\u201cTuvimos m\u00e1s de 100 personas que se acercaron a traer sus residuos, vecinos que van recolectando de parte de sus familiares y allegados y eso tambi\u00e9n habla del gran compromiso que hay detr\u00e1s de todo esto\u201d, concluy\u00f3 la coordinadora.<\/p>\n\n\n\n<p><\/p>\n","protected":false},"excerpt":{"rendered":"<p>La actividad, llevada a cabo desde el \u00e1rea de Medio Ambiente del Gobierno de Jun\u00edn, incluye el posterior<\/p>\n","protected":false},"author":2,"featured_media":203,"comment_status":"open","ping_status":"open","sticky":false,"template":"","format":"standard","meta":{"footnotes":""},"categories":[4],"tags":[],"class_list":["post-202","post","type-post","status-publish","format-standard","has-post-thumbnail","hentry","category-junin"],"_links":{"self":[{"href":"http:\/\/ainewsopen.com.ar\/junin\/wp-json\/wp\/v2\/posts\/202","targetHints":{"allow":["GET"]}}],"collection":[{"href":"http:\/\/ainewsopen.com.ar\/junin\/wp-json\/wp\/v2\/posts"}],"about":[{"href":"http:\/\/ainewsopen.com.ar\/junin\/wp-json\/wp\/v2\/types\/post"}],"author":[{"embeddable":true,"href":"http:\/\/ainewsopen.com.ar\/junin\/wp-json\/wp\/v2\/users\/2"}],"replies":[{"embeddable":true,"href":"http:\/\/ainewsopen.com.ar\/junin\/wp-json\/wp\/v2\/comments?post=202"}],"version-history":[{"count":1,"href":"http:\/\/ainewsopen.com.ar\/junin\/wp-json\/wp\/v2\/posts\/202\/revisions"}],"predecessor-version":[{"id":204,"href":"http:\/\/ainewsopen.com.ar\/junin\/wp-json\/wp\/v2\/posts\/202\/revisions\/204"}],"wp:featuredmedia":[{"embeddable":true,"href":"http:\/\/ainewsopen.com.ar\/junin\/wp-json\/wp\/v2\/media\/203"}],"wp:attachment":[{"href":"http:\/\/ainewsopen.com.ar\/junin\/wp-json\/wp\/v2\/media?parent=202"}],"wp:term":[{"taxonomy":"category","embeddable":true,"href":"http:\/\/ainewsopen.com.ar\/junin\/wp-json\/wp\/v2\/categories?post=202"},{"taxonomy":"post_tag","embeddable":true,"href":"http:\/\/ainewsopen.com.ar\/junin\/wp-json\/wp\/v2\/tags?post=202"}],"curies":[{"name":"wp","href":"https:\/\/api.w.org\/{rel}","templated":true}]}}