{"id":205,"date":"2024-07-15T19:58:02","date_gmt":"2024-07-15T19:58:02","guid":{"rendered":"http:\/\/ainewsopen.com.ar\/junin\/?p=205"},"modified":"2024-07-15T19:58:02","modified_gmt":"2024-07-15T19:58:02","slug":"cada-vez-mas-vecinos-se-capacitan-en-los-cursos-que-se-brindan-en-los-nodos-tecnologicos","status":"publish","type":"post","link":"http:\/\/ainewsopen.com.ar\/junin\/cada-vez-mas-vecinos-se-capacitan-en-los-cursos-que-se-brindan-en-los-nodos-tecnologicos\/","title":{"rendered":"Cada vez m\u00e1s vecinos se capacitan en los cursos que se brindan en los Nodos Tecnol\u00f3gicos"},"content":{"rendered":"\n<p>Se llev\u00f3 a cabo un nuevo acto de entrega de certificado. El evento cont\u00f3 con la presencia de funcionarios de la Secretar\u00eda General y la Subsecretar\u00eda de Ciencia y Tecnolog\u00eda, como tambi\u00e9n todo el plantel de profesores a cargo de los cursos, quienes destacaron las ganas de aprender por parte de los vecinos y la importancia de que se sigan capacitando para achicar la brecha digital.<\/p>\n\n\n\n<p>Se llev\u00f3 a cabo un nuevo acto de entrega de certificados a vecinos que participaron de los diferentes cursos que el Gobierno de Jun\u00edn brinda a trav\u00e9s los Nodos Tecnol\u00f3gicos. \u201cLos Nodos fueron creados para generar estas oportunidades para todos por igual\u201d, asegur\u00f3 Juan Fiorini, presidente del Concejo Deliberante y a cargo, interinamente del Ejecutivo Municipal.<\/p>\n\n\n\n<p>El evento cont\u00f3 con la presencia de funcionarios de la Secretar\u00eda General y la Subsecretar\u00eda de Ciencia y Tecnolog\u00eda, como tambi\u00e9n todo el plantel de profesores a cargo de los cursos, quienes destacaron las ganas de aprender por parte de los vecinos y la importancia de que se sigan capacitando para achicar la brecha digital, objetivo principal que se persigue desde los Nodos Tecnol\u00f3gicos. Algunos de los cursos impulsados en este cuatrimestre fueron Iniciaci\u00f3n a la computaci\u00f3n e introducci\u00f3n a la Web, Celulares, Redes Sociales y Edici\u00f3n de Video para Youtube y Tiktok.<\/p>\n\n\n\n<p>Vale destacar que los Nodos Tecnol\u00f3gicos, forman parte de una pol\u00edtica integral impulsada por la gesti\u00f3n del Intendente Pablo Petrecca, que se complementa con las escuelas municipales de Rob\u00f3tica y la de Innovaci\u00f3n y Tecnolog\u00eda, para potenciar en Jun\u00edn la industria del conocimiento y brindar oportunidades a vecinos de todas las edades para que formen parte de la misma.<\/p>\n\n\n\n<p>Tras concretarse la entrega de los respectivos certificados, Ger\u00f3nimo Trolio, uno de los profesores a cargo de los cursos de Celulares e Introducci\u00f3n a la Computaci\u00f3n, declar\u00f3: \u201cEl desarrollo de los cursos fue un desaf\u00edo muy lindo que nos planteamos este a\u00f1o, al igual que los anteriores, porque principalmente nos enfocamos en el achique de la brecha digital, o sea, capacitar a la gente que por lo general no tiene un buen manejo de la tecnolog\u00eda a que desarrolle habilidades b\u00e1sicas para hacerlo, ya sea con el uso de celulares o respecto a la inform\u00e1tica\u201d.<\/p>\n\n\n\n<p>\u201cLes brindamos conocimientos b\u00e1sicos a todos los asistentes a los cursos sobre uso de la computadora en general y los perif\u00e9ricos, como tambi\u00e9n informaci\u00f3n sobre navegaci\u00f3n web\u201d, dijo Trolio y agreg\u00f3: \u201cEn cuanto celulares vemos hardware y software y uso de WhatsApp en profundidad\u201d.<\/p>\n\n\n\n<p>El profesor tambi\u00e9n manifest\u00f3 que \u201cvemos un gran compromiso por parte de los vecinos en aprender, ellos se identifican mucho, conocen el lugar en el que brindamos los cursos y les interesa seguir conociendo las dem\u00e1s propuestas que tenemos en los Nodos Tecnol\u00f3gicos\u201d. Luego, expres\u00f3 que \u201cen los cursos buscamos incentivarlos para que sigan aprendiendo por fuera y aprovechamos cada una de las clases porque la carga horaria no es tanta\u201d.<\/p>\n\n\n\n<p>A su turno, Enzo Galimberti, coordinador de los Nodos Tecnol\u00f3gicos, declar\u00f3: \u201cConsidero que el balance de este primer cuatrimestre fue muy bueno porque se abordaron conocimientos claves para disminuir la brecha digital, como el uso de las redes sociales y la edici\u00f3n de videos que fueron los m\u00e1s concurridos, y adem\u00e1s tambi\u00e9n se abord\u00f3 el tema de ventas a partir de internet que sirvi\u00f3 de ayuda para muchos emprendedores de la ciudad\u201d.<\/p>\n\n\n\n<p>\u201cContamos tambi\u00e9n con Introducci\u00f3n a la Computaci\u00f3n, Celulares que apunt\u00f3 m\u00e1s a los adultos mayores y, como bien dijo Ger\u00f3nimo, es un proceso muy lindo el que se vive porque se generan v\u00ednculos de amistad entre ellos, mucho compa\u00f1erismo y eso los incentiva a continuar con los otros cursos que tenemos disponibles, algo que tambi\u00e9n nos parece sumamente importante\u201d, subray\u00f3 Galimberti y complement\u00f3: \u201cYa estamos armando la planificaci\u00f3n para el segundo cuatrimestre, vamos a tener Inform\u00e1tica, Google, Documentos de Texto, Hojas de C\u00e1lculo y presentaciones junto con Google Drive\u201d.<\/p>\n\n\n\n<p>Por su parte, Juan Fiorini, asegur\u00f3 que \u201chace un tiempo notamos junto con el intendente Petrecca que hab\u00eda una oportunidad muy importante para la ciudad en lo que respecta a la industria del conocimiento, Jun\u00edn tiene caracter\u00edsticas \u00fanicas que lo posicionan de la mejor manera para aprovechar de todos los beneficios de esta industria, y se hizo un trabajo de planificaci\u00f3n lento y minucioso con toda la comunidad para avanzar por este camino\u201d.<\/p>\n\n\n\n<p>\u201cA partir de este puntapi\u00e9 inicial con el diagn\u00f3stico elaborado luego de muchas reuniones de trabajo, se empezaron a emprender acciones en este sentido y los Nodos Tecnol\u00f3gicos forman parte de estas acciones, para llegar a los diferentes barrios de Jun\u00edn y a todos los vecinos por igual, con el prop\u00f3sito fundamental de fomentar la inclusi\u00f3n tecnol\u00f3gica y achicar la brecha digital existente\u201d, recalc\u00f3 Fiorini.<\/p>\n\n\n\n<p>Asimismo, remarc\u00f3 que \u201cen este marco de planificaci\u00f3n logramos muchos avances m\u00e1s como la concreci\u00f3n de la Escuela de Rob\u00f3tica que ya tuvo varias camadas de egresados, el Coworking de la Escuela de Innovaci\u00f3n y Tecnolog\u00eda donde los emprendedores digitales y tecnol\u00f3gicos pueden trabajar al mundo, y aprovechar tambi\u00e9n de todos los cursos abiertos y gratuitos que se ofrecen\u201d.<\/p>\n\n\n\n<p>\u201cLa idea del Gobierno de Jun\u00edn es potenciar este camino emprendido por decisi\u00f3n del intendente Pablo Petrecca, estamos muy contentos de que haya tanta gente que pudo finalizar los cursos que se hicieron en los Nodos, que fueron creados para generar estas oportunidades para todos por igual\u201d, destac\u00f3 Juan Fiorini.<\/p>\n\n\n\n<p>Una de las vecinas que recibi\u00f3 su certificado por haber participado del curso de Celulares fue Mirta Far\u00edas, quien expres\u00f3 al respecto: \u201cFue realmente muy interesante, siempre pienso que un adulto mayor no debe quedarse atr\u00e1s sin entender lo que nos ofrecen las nuevas tecnolog\u00edas, porque estamos inmersos en un mundo tecnol\u00f3gico, tal es as\u00ed que vamos a un sanatorio y tenemos que usar la tecnolog\u00eda, como as\u00ed tambi\u00e9n en cualquier otro \u00e1mbito de la vida, por lo que no podemos estar siempre pendientes de otras personas para que nos ayuden\u201d.<\/p>\n\n\n\n<p>\u201cAprend\u00ed mucho a lo largo de este curso sobre Celulares en los Nodos y le quiero agradecer a Ger\u00f3nimo (Trolio) porque tuvo un m\u00e9todo did\u00e1ctico muy bueno para explicarnos\u201d, dijo Far\u00edas y a\u00f1adi\u00f3: \u201cEs dif\u00edcil a veces transmitir a los adultos mayores que no somos como los ciber ni\u00f1os y nos cuesta un mont\u00f3n aprender determinadas cosas, y por eso agradezco a todos los profesores por la paciencia y al Municipio por esta posibilidad que nos dieron\u201d.<\/p>\n\n\n\n<p><\/p>\n","protected":false},"excerpt":{"rendered":"<p>Se llev\u00f3 a cabo un nuevo acto de entrega de certificado. El evento cont\u00f3 con la presencia de<\/p>\n","protected":false},"author":2,"featured_media":206,"comment_status":"open","ping_status":"open","sticky":false,"template":"","format":"standard","meta":{"footnotes":""},"categories":[4],"tags":[],"class_list":["post-205","post","type-post","status-publish","format-standard","has-post-thumbnail","hentry","category-junin"],"_links":{"self":[{"href":"http:\/\/ainewsopen.com.ar\/junin\/wp-json\/wp\/v2\/posts\/205","targetHints":{"allow":["GET"]}}],"collection":[{"href":"http:\/\/ainewsopen.com.ar\/junin\/wp-json\/wp\/v2\/posts"}],"about":[{"href":"http:\/\/ainewsopen.com.ar\/junin\/wp-json\/wp\/v2\/types\/post"}],"author":[{"embeddable":true,"href":"http:\/\/ainewsopen.com.ar\/junin\/wp-json\/wp\/v2\/users\/2"}],"replies":[{"embeddable":true,"href":"http:\/\/ainewsopen.com.ar\/junin\/wp-json\/wp\/v2\/comments?post=205"}],"version-history":[{"count":1,"href":"http:\/\/ainewsopen.com.ar\/junin\/wp-json\/wp\/v2\/posts\/205\/revisions"}],"predecessor-version":[{"id":207,"href":"http:\/\/ainewsopen.com.ar\/junin\/wp-json\/wp\/v2\/posts\/205\/revisions\/207"}],"wp:featuredmedia":[{"embeddable":true,"href":"http:\/\/ainewsopen.com.ar\/junin\/wp-json\/wp\/v2\/media\/206"}],"wp:attachment":[{"href":"http:\/\/ainewsopen.com.ar\/junin\/wp-json\/wp\/v2\/media?parent=205"}],"wp:term":[{"taxonomy":"category","embeddable":true,"href":"http:\/\/ainewsopen.com.ar\/junin\/wp-json\/wp\/v2\/categories?post=205"},{"taxonomy":"post_tag","embeddable":true,"href":"http:\/\/ainewsopen.com.ar\/junin\/wp-json\/wp\/v2\/tags?post=205"}],"curies":[{"name":"wp","href":"https:\/\/api.w.org\/{rel}","templated":true}]}}