{"id":208,"date":"2024-07-15T20:01:51","date_gmt":"2024-07-15T20:01:51","guid":{"rendered":"http:\/\/ainewsopen.com.ar\/junin\/?p=208"},"modified":"2024-07-15T20:01:52","modified_gmt":"2024-07-15T20:01:52","slug":"vacaciones-de-invierno-comienzan-las-actividades-para-los-mas-chicos","status":"publish","type":"post","link":"http:\/\/ainewsopen.com.ar\/junin\/vacaciones-de-invierno-comienzan-las-actividades-para-los-mas-chicos\/","title":{"rendered":"Vacaciones de invierno: Comienzan las actividades para los m\u00e1s chicos"},"content":{"rendered":"\n<p>La primera actividad ser\u00e1 este lunes 15, a partir de las 15:30 horas en la Biblioteca Municipal Bernardino Rivadavia, ubicada en Rivadavia 16. \u00abConstruyendo t\u00edteres\u201d, es el nombre de la actividad y est\u00e1 destinada a chicos de 5 a 7 a\u00f1os, donde partiendo de la lectura de \u201cLa cerdita Pen\u00e9lope\u201d, construir\u00e1n t\u00edteres de dedo. La misma es con entrada libre y gratuita. MIRA EL PROGRAMA PARA ESTA SEMANA<\/p>\n\n\n\n<p>A partir de este lunes comenzar\u00e1 a desarrollarse una amplia agenda de actividades que el Gobierno de Jun\u00edn, a trav\u00e9s de la direcci\u00f3n de Cultura, propuso para disfrutar en familia estas vacaciones de invierno. Como siempre, las actividades se desarrollar\u00e1n en los diferentes espacios culturales de la ciudad como tambi\u00e9n en diferentes barrios y localidades del Partido.<\/p>\n\n\n\n<p>La primera actividad ser\u00e1 este lunes 15, a partir de las 15:30 horas en la Biblioteca Municipal Bernardino Rivadavia, ubicada en Rivadavia 16. \u00abConstruyendo t\u00edteres\u201d, es el nombre de la actividad y est\u00e1 destinada a chicos de 5 a 7 a\u00f1os, donde partiendo de la lectura de \u201cLa cerdita Pen\u00e9lope\u201d, construir\u00e1n t\u00edteres de dedo. La misma es con entrada libre y gratuita.<\/p>\n\n\n\n<p>El cronograma de actividades continuar\u00e1 de la siguiente manera:<\/p>\n\n\n\n<p><strong>Martes 16 de julio<\/strong><\/p>\n\n\n\n<p>https:\/\/googleads.g.doubleclick.net\/pagead\/ads?gdpr=0&#038;client=ca-pub-6287886914781252&#038;output=html&#038;h=200&#038;slotname=9158111237&#038;adk=148265126&#038;adf=1835477274&#038;pi=t.ma~as.9158111237&#038;w=968&#038;abgtt=6&#038;fwrn=4&#038;lmt=1721073664&#038;rafmt=11&#038;format=968&#215;200&#038;url=https%3A%2F%2Fjunin24.com%2Fespectaculos%2Fvacaciones-de-invierno-comienzan-las-actividades-para-los-mas-chicos%2F&#038;wgl=1&#038;uach=WyJXaW5kb3dzIiwiMTAuMC4wIiwieDg2IiwiIiwiMTI2LjAuNjQ3OC4xMjciLG51bGwsMCxudWxsLCI2NCIsW1siTm90L0EpQnJhbmQiLCI4LjAuMC4wIl0sWyJDaHJvbWl1bSIsIjEyNi4wLjY0NzguMTI3Il0sWyJHb29nbGUgQ2hyb21lIiwiMTI2LjAuNjQ3OC4xMjciXV0sMV0.&#038;dt=1721073662987&#038;bpp=5&#038;bdt=123&#038;idt=95&#038;shv=r20240711&#038;mjsv=m202407090101&#038;ptt=9&#038;saldr=aa&#038;abxe=1&#038;cookie=ID%3Dcf885c70dd08c4d7%3AT%3D1711045035%3ART%3D1721073392%3AS%3DALNI_MYe9Rwx-4MmUVYYwzFDYBqy0SsqcQ&#038;gpic=UID%3D00000dc922b8b284%3AT%3D1711045035%3ART%3D1721073392%3AS%3DALNI_MZussMi_nZK4CPNLATWYftHNn1Ipg&#038;eo_id_str=ID%3D2dafa6fc6b34eb72%3AT%3D1710785343%3ART%3D1721073392%3AS%3DAA-Afja11Sgdaly15w_vjqpzW1u7&#038;prev_fmts=0x0%2C1200x280%2C313x250%2C968x280%2C313x250%2C632x280&#038;nras=2&#038;correlator=6353202546224&#038;frm=20&#038;pv=1&#038;ga_vid=1762603775.1677279650&#038;ga_sid=1721073663&#038;ga_hid=245889303&#038;ga_fc=1&#038;rplot=4&#038;u_tz=-180&#038;u_his=1&#038;u_h=1080&#038;u_w=1920&#038;u_ah=1040&#038;u_aw=1920&#038;u_cd=24&#038;u_sd=1&#038;dmc=8&#038;adx=302&#038;ady=1991&#038;biw=1903&#038;bih=953&#038;scr_x=0&#038;scr_y=0&#038;eid=44759876%2C44759927%2C44759842%2C95334526%2C95334829%2C95337026%2C95337063%2C95337870%2C31084185%2C95337366%2C31078663%2C31078665%2C31078668%2C31078670&#038;oid=2&#038;pvsid=3109793961593499&#038;tmod=1356763293&#038;uas=0&#038;nvt=1&#038;ref=https%3A%2F%2Fjunin24.com%2F&#038;fc=1920&#038;brdim=0%2C0%2C0%2C0%2C1920%2C0%2C0%2C0%2C1920%2C953&#038;vis=1&#038;rsz=%7C%7CEebr%7C&#038;abl=CS&#038;pfx=0&#038;fu=128&#038;bc=31&#038;bz=0&#038;td=1&#038;tdf=2&#038;psd=W251bGwsbnVsbCxudWxsLDNd&#038;nt=1&#038;ifi=5&#038;uci=a!5&#038;btvi=2&#038;fsb=1&#038;dtd=1017<\/p>\n\n\n\n<p>10:30 hs MUMA. \u201cLa f\u00e1brica de Mascotas. Taller de dibujo experimental para dise\u00f1o de personajes\u201d Para edades de 9 a 15 a\u00f1os. A cargo de Blas Rodr\u00edguez.<\/p>\n\n\n\n<p>16:30 hs Soc. de Fomento Ricardo Rojas. Espect\u00e1culo \u201cUna laucha en el molino\u201d a cargo de Yaqui Saiz y Geraidy Brito.<\/p>\n\n\n\n<p>Mi\u00e9rcoles 17 de julio<\/p>\n\n\n\n<p>15:30 hs MACA. \u201cConociendo las posibilidades expresivas de nuestros cuerpo\u201d. Para chicos de 7 a 10 a\u00f1os. A cargo de Sabrina Gago.<\/p>\n\n\n\n<p>16:30 hs. Soc. Fomento V. del Parque. Espect\u00e1culo \u201cUna laucha en el molino\u201d a cargo de Yaqui Saiz y Geraidy Brito.<\/p>\n\n\n\n<p><strong>Jueves 18 de julio<\/strong><\/p>\n\n\n\n<p>10:30hs. Museo Hist\u00f3rico. \u201cCiencias divertidas\u201d a cargo de D\u00e9bora Paiz. Con cupo limitado y retiro de entradas desde el martes 16 y mi\u00e9rcoles 17 de 8:30 a 14hs en La Direcci\u00f3n de Cultura.<\/p>\n\n\n\n<p>16 y 17:30hs Teatro de la Rancher\u00eda. \u201cPalabras monstruosas, monstruosas palabras\u201d Espect\u00e1culo a cargo de la compa\u00f1\u00eda de 9 de julio \u00abLa posta cultural\u00bb Las entradas se retiran desde el 15 de Julio en la Direcci\u00f3n de Cultura.<\/p>\n\n\n\n<p>16:30hs ROCA. \u201cCANTIJUEGOS\u201d Canciones para Jugar, espect\u00e1culo interactivo para toda la familia. A cargo de Ra\u00fal Sald\u00edas.<\/p>\n\n\n\n<p><strong>Viernes 19 de julio<\/strong><\/p>\n\n\n\n<p>10:30hs Biblioteca Municipal. Actividad \u201cConstruyendo t\u00edteres\u201d para chicos de 5 a 7 a\u00f1os . Partiendo de la lectura de \u201cLa cerdita Pen\u00e9lope\u201d vamos a construir t\u00edteres de dedo.<\/p>\n\n\n\n<p>13 a 15hs MUMPA. \u201cPaleont\u00f3logo\/a por un d\u00eda\u201d.<\/p>\n\n\n\n<p>16:30hs AGUSTINA. \u201cCANTIJUEGOS\u201d Canciones para Jugar, espect\u00e1culo interactivo para toda la familia. A cargo de Ra\u00fal Sald\u00edas.<\/p>\n","protected":false},"excerpt":{"rendered":"<p>La primera actividad ser\u00e1 este lunes 15, a partir de las 15:30 horas en la Biblioteca Municipal Bernardino<\/p>\n","protected":false},"author":2,"featured_media":209,"comment_status":"open","ping_status":"open","sticky":false,"template":"","format":"standard","meta":{"footnotes":""},"categories":[4],"tags":[],"class_list":["post-208","post","type-post","status-publish","format-standard","has-post-thumbnail","hentry","category-junin"],"_links":{"self":[{"href":"http:\/\/ainewsopen.com.ar\/junin\/wp-json\/wp\/v2\/posts\/208","targetHints":{"allow":["GET"]}}],"collection":[{"href":"http:\/\/ainewsopen.com.ar\/junin\/wp-json\/wp\/v2\/posts"}],"about":[{"href":"http:\/\/ainewsopen.com.ar\/junin\/wp-json\/wp\/v2\/types\/post"}],"author":[{"embeddable":true,"href":"http:\/\/ainewsopen.com.ar\/junin\/wp-json\/wp\/v2\/users\/2"}],"replies":[{"embeddable":true,"href":"http:\/\/ainewsopen.com.ar\/junin\/wp-json\/wp\/v2\/comments?post=208"}],"version-history":[{"count":1,"href":"http:\/\/ainewsopen.com.ar\/junin\/wp-json\/wp\/v2\/posts\/208\/revisions"}],"predecessor-version":[{"id":210,"href":"http:\/\/ainewsopen.com.ar\/junin\/wp-json\/wp\/v2\/posts\/208\/revisions\/210"}],"wp:featuredmedia":[{"embeddable":true,"href":"http:\/\/ainewsopen.com.ar\/junin\/wp-json\/wp\/v2\/media\/209"}],"wp:attachment":[{"href":"http:\/\/ainewsopen.com.ar\/junin\/wp-json\/wp\/v2\/media?parent=208"}],"wp:term":[{"taxonomy":"category","embeddable":true,"href":"http:\/\/ainewsopen.com.ar\/junin\/wp-json\/wp\/v2\/categories?post=208"},{"taxonomy":"post_tag","embeddable":true,"href":"http:\/\/ainewsopen.com.ar\/junin\/wp-json\/wp\/v2\/tags?post=208"}],"curies":[{"name":"wp","href":"https:\/\/api.w.org\/{rel}","templated":true}]}}