{"id":211,"date":"2024-07-15T20:05:00","date_gmt":"2024-07-15T20:05:00","guid":{"rendered":"http:\/\/ainewsopen.com.ar\/junin\/?p=211"},"modified":"2024-07-15T20:05:00","modified_gmt":"2024-07-15T20:05:00","slug":"exposicion-de-diseno-e-intervencion-de-indumentaria-en-tono-local","status":"publish","type":"post","link":"http:\/\/ainewsopen.com.ar\/junin\/exposicion-de-diseno-e-intervencion-de-indumentaria-en-tono-local\/","title":{"rendered":"Exposici\u00f3n de dise\u00f1o e intervenci\u00f3n de indumentaria en Tono Local"},"content":{"rendered":"\n<p>La propuesta contar\u00e1 con juegos, premios, m\u00fasica y fotos para que tanto j\u00f3venes como familias disfruten de la jornada en este receso invernal.<\/p>\n\n\n\n<p>Invitan a participar de una nueva exposici\u00f3n de dise\u00f1o e intervenci\u00f3n de indumentaria en Tono Local. La actividad se llevar\u00e1 a cabo desde el 17 al 20 de julio de 16 a 20 horas en el espacio cultural Tono Local, ubicado en Roque S\u00e1enz Pe\u00f1a 139, donde j\u00f3venes emprendedores que trabajan con su proyecto destinado a la venta de indumentarias y la moda presentaran su nueva colecci\u00f3n denominada \u201cRestrikted Live Session\u201d. La propuesta contar\u00e1 con juegos, premios, m\u00fasica y fotos para que tanto j\u00f3venes como familias disfruten de la jornada en este receso invernal.<\/p>\n\n\n\n<p>En este marco, los artistas agradecieron a las direcciones municipales de Juventud y Cultura por el apoyo y puesta a disposici\u00f3n de la galer\u00eda de arte para que su marca logre seguir teniendo difusi\u00f3n.<\/p>\n\n\n\n<p>A prop\u00f3sito de esto, Agostina Laroca, directora de Juventud del Gobierno de Jun\u00edn, manifest\u00f3: \u201cDesde el Municipio seguimos trabajando en estar en cercan\u00eda y acompa\u00f1ar a los j\u00f3venes que apuestan, que se animan a generar emprendimientos y diferentes proyectos apostando a hacer actividades de la mano del Gobierno de Jun\u00edn, la valoraci\u00f3n es totalmente positiva, es la segunda edici\u00f3n que vamos a desarrollar con los chicos de la marca Restrikted\u201d.<\/p>\n\n\n\n<p>\u201cEl a\u00f1os pasado tuvimos una primera edici\u00f3n donde much\u00edsimos j\u00f3venes de nuestra ciudad se acercaron y conocieron la Galer\u00eda de Arte Tono Local, y fueron los coordinadores del espacios los que justamente nos comunicaron que era la primera vez que hab\u00eda tantos j\u00f3venes en el este espacio cultural, as\u00ed que para nosotros es muy importante visibilizarlo, al igual que visibilizar los talentos j\u00f3venes que tenemos ac\u00e1 en Jun\u00edn, poder darles oportunidades de mostrarse y que sean reconocidos\u201d, sostuvo.<\/p>\n\n\n\n<p>Al mismo tiempo, Laroca inform\u00f3 que \u201ces un acierto realizar todo esto a trav\u00e9s de propuestas l\u00fadicas, recreativas y abiertas a la comunidad, estamos para acompa\u00f1ar y disfrutar junto a todos los j\u00f3venes, los invitamos a que participen desde el 17 al 20 de julio en la Galer\u00eda de Arte Tono Local, todos los d\u00edas de 16 a 20 horas\u201d.<\/p>\n\n\n\n<p>Seguidamente, Federico Bernardi, representante de \u201cRestrikted\u201d, agradeci\u00f3 al Municipio por la oportunidad de exponer su producci\u00f3n y dijo: \u201cEstamos muy contentos de volver a estar en la Galer\u00eda de Arte Tono Local, es la segunda vez que vamos a mostrar nuestra marca y esto es una gran emoci\u00f3n para nosotros, sobre todo porque ponemos mucho esfuerzo y dedicaci\u00f3n en todo esto, pensamos en cada detalle para hacer una jornada linda\u201d<\/p>\n\n\n\n<p>\u201cEsta actividad va a estar integrada de diferentes cosas, vamos a estar vendiendo una colecci\u00f3n que es s\u00f3lo para esos d\u00edas, no se vende despu\u00e9s por Instagram, ni por ning\u00fan otro lado, adem\u00e1s vamos a llevar una playstation y juegos, para que no sea s\u00f3lo un local como el resto de los que est\u00e1n en el centro comercial, sino que sea un lugar para compartir con nosotros y conocernos un poco m\u00e1s\u201d, especific\u00f3.<\/p>\n\n\n\n<p>En tanto, Emiliano Ferrero, otro de los integrantes del emprendimiento, resalt\u00f3 que \u201cesto se trata de compartir momentos, obviamente vamos a tener la venta al p\u00fablico y vamos a estar interactuando con los clientes y vecinos, la mayor interacci\u00f3n se va a generar el s\u00e1bado 20, donde se va a dar un evento presencial, vamos a estar haciendo juegos, interacci\u00f3n, tambi\u00e9n vamos a estar regalando ropa y principalmente mostrando la pr\u00f3xima colecci\u00f3n, que esa s\u00ed sale a la venta pr\u00f3ximamente por nuestras redes sociales\u201d.<\/p>\n\n\n\n<p>\u201cComo productores y emprendedores locales esto es una oportunidad genial, donde se nos abren muchas puertas y podemos presentarle al p\u00fablico lo que hacemos y a lo que nos dedicamos, que a veces nosotros no tenemos un lugar f\u00edsico donde mostrar todo, y con esto podemos tener un cara a cara con la gente, que nos conozcan, el contacto humano con la gente suma much\u00edsimo, y a veces no lo podemos hacer, es una gran posibilidad, estamos muy agradecidos\u201d, destac\u00f3 el joven.<\/p>\n\n\n\n<p>Para cerrar, indic\u00f3: \u201cLos esperamos a todos durante los d\u00edas mencionados, queremos que pueda venir la mayor cantidad de gente posible para que nos conozcan a nosotros y a nuestra marca, a su vez es un buen ejemplo para que cualquier joven que tenga ganas de hacer algo que lo haga, siempre hay oportunidades, y contamos con un espacio en el Municipio que nos acompa\u00f1a y nos apoya\u201d.<\/p>\n","protected":false},"excerpt":{"rendered":"<p>La propuesta contar\u00e1 con juegos, premios, m\u00fasica y fotos para que tanto j\u00f3venes como familias disfruten de la<\/p>\n","protected":false},"author":2,"featured_media":212,"comment_status":"open","ping_status":"open","sticky":false,"template":"","format":"standard","meta":{"footnotes":""},"categories":[4],"tags":[],"class_list":["post-211","post","type-post","status-publish","format-standard","has-post-thumbnail","hentry","category-junin"],"_links":{"self":[{"href":"http:\/\/ainewsopen.com.ar\/junin\/wp-json\/wp\/v2\/posts\/211","targetHints":{"allow":["GET"]}}],"collection":[{"href":"http:\/\/ainewsopen.com.ar\/junin\/wp-json\/wp\/v2\/posts"}],"about":[{"href":"http:\/\/ainewsopen.com.ar\/junin\/wp-json\/wp\/v2\/types\/post"}],"author":[{"embeddable":true,"href":"http:\/\/ainewsopen.com.ar\/junin\/wp-json\/wp\/v2\/users\/2"}],"replies":[{"embeddable":true,"href":"http:\/\/ainewsopen.com.ar\/junin\/wp-json\/wp\/v2\/comments?post=211"}],"version-history":[{"count":1,"href":"http:\/\/ainewsopen.com.ar\/junin\/wp-json\/wp\/v2\/posts\/211\/revisions"}],"predecessor-version":[{"id":213,"href":"http:\/\/ainewsopen.com.ar\/junin\/wp-json\/wp\/v2\/posts\/211\/revisions\/213"}],"wp:featuredmedia":[{"embeddable":true,"href":"http:\/\/ainewsopen.com.ar\/junin\/wp-json\/wp\/v2\/media\/212"}],"wp:attachment":[{"href":"http:\/\/ainewsopen.com.ar\/junin\/wp-json\/wp\/v2\/media?parent=211"}],"wp:term":[{"taxonomy":"category","embeddable":true,"href":"http:\/\/ainewsopen.com.ar\/junin\/wp-json\/wp\/v2\/categories?post=211"},{"taxonomy":"post_tag","embeddable":true,"href":"http:\/\/ainewsopen.com.ar\/junin\/wp-json\/wp\/v2\/tags?post=211"}],"curies":[{"name":"wp","href":"https:\/\/api.w.org\/{rel}","templated":true}]}}