{"id":216,"date":"2024-08-05T18:12:55","date_gmt":"2024-08-05T18:12:55","guid":{"rendered":"http:\/\/ainewsopen.com.ar\/junin\/?p=216"},"modified":"2024-08-05T18:12:55","modified_gmt":"2024-08-05T18:12:55","slug":"lucila-laguzzi-asumio-como-delegada-regional-de-ioma-junin","status":"publish","type":"post","link":"http:\/\/ainewsopen.com.ar\/junin\/lucila-laguzzi-asumio-como-delegada-regional-de-ioma-junin\/","title":{"rendered":"Lucila Laguzzi asumi\u00f3 como Delegada Regional de IOMA Jun\u00edn"},"content":{"rendered":"\n<p><span style=\"font-size: revert; color: rgb(66, 66, 66); font-family: Asap, sans-serif; white-space-collapse: collapse;\">Lucila Laguzzi, ex concejala de Uni\u00f3n por la Patria, integrante de La Corriente Nacional de la Militancia, asumi\u00f3 como la nueva Delegada Regional de IOMA Jun\u00edn.<\/span><div class=\"w-post-elm post_content us_custom_dd573ec3\" style=\"box-sizing: border-box; font-size: 20px; font-family: Asap, sans-serif; color: rgb(66, 66, 66); white-space-collapse: collapse; line-height: 29px !important; padding-top: 1.5rem !important;\"><p style=\"box-sizing: border-box; margin: 0px 0px 1.5rem;\">Reemplazar\u00e1 a Mauricio Mart\u00edn, quien dej\u00f3 la direcci\u00f3n por motivos personales. Ambos est\u00e1n alineados con la Jefa de Asesores del gobernador, Cristina \u00c1lvarez Rodr\u00edguez.<\/p><div class=\"code-block code-block-1\" style=\"box-sizing: border-box; margin: 8px auto; text-align: center; clear: both;\"><ins class=\"adsbygoogle\" data-ad-layout=\"in-article\" data-ad-format=\"fluid\" data-ad-client=\"ca-pub-6287886914781252\" data-ad-slot=\"9158111237\" data-adsbygoogle-status=\"done\" data-ad-status=\"unfilled\" style=\"box-sizing: border-box; display: block; height: 0px;\"><div id=\"aswift_3_host\" style=\"box-sizing: border-box; border: none; height: 0px; width: 968px; margin: 0px; padding: 0px; position: relative; visibility: visible; background-color: transparent; display: inline-block; overflow: hidden; opacity: 0;\"><iframe id=\"aswift_3\" name=\"aswift_3\" browsingtopics=\"true\" sandbox=\"allow-forms allow-popups allow-popups-to-escape-sandbox allow-same-origin allow-scripts allow-top-navigation-by-user-activation\" width=\"968\" height=\"0\" frameborder=\"0\" marginwidth=\"0\" marginheight=\"0\" vspace=\"0\" hspace=\"0\" allowtransparency=\"true\" scrolling=\"no\" allow=\"attribution-reporting; run-ad-auction\" src=\"https:\/\/googleads.g.doubleclick.net\/pagead\/ads?gdpr=0&amp;client=ca-pub-6287886914781252&amp;output=html&amp;h=200&amp;slotname=9158111237&amp;adk=148265126&amp;adf=1835477274&amp;pi=t.ma~as.9158111237&amp;w=968&amp;abgtt=6&amp;fwrn=4&amp;lmt=1722881493&amp;rafmt=11&amp;format=968x200&amp;url=https%3A%2F%2Fjunin24.com%2Flocales%2Flucila-laguzzi-asumio-como-delegada-regional-de-ioma-junin%2F&amp;wgl=1&amp;uach=WyJXaW5kb3dzIiwiMTAuMC4wIiwieDg2IiwiIiwiMTI3LjAuNjUzMy44OSIsbnVsbCwwLG51bGwsIjY0IixbWyJOb3QpQTtCcmFuZCIsIjk5LjAuMC4wIl0sWyJHb29nbGUgQ2hyb21lIiwiMTI3LjAuNjUzMy44OSJdLFsiQ2hyb21pdW0iLCIxMjcuMC42NTMzLjg5Il1dLDFd&amp;dt=1722881487586&amp;bpp=1&amp;bdt=99&amp;idt=250&amp;shv=r20240731&amp;mjsv=m202407300101&amp;ptt=9&amp;saldr=aa&amp;abxe=1&amp;cookie=ID%3Dcf885c70dd08c4d7%3AT%3D1711045035%3ART%3D1722881472%3AS%3DALNI_MYe9Rwx-4MmUVYYwzFDYBqy0SsqcQ&amp;gpic=UID%3D00000dc922b8b284%3AT%3D1711045035%3ART%3D1722881472%3AS%3DALNI_MZussMi_nZK4CPNLATWYftHNn1Ipg&amp;eo_id_str=ID%3D2dafa6fc6b34eb72%3AT%3D1710785343%3ART%3D1722881472%3AS%3DAA-Afja11Sgdaly15w_vjqpzW1u7&amp;prev_fmts=0x0%2C968x280%2C1903x953%2C632x280&amp;nras=2&amp;correlator=3387478839975&amp;frm=20&amp;pv=1&amp;rplot=4&amp;u_tz=-180&amp;u_his=1&amp;u_h=1080&amp;u_w=1920&amp;u_ah=1040&amp;u_aw=1920&amp;u_cd=24&amp;u_sd=1&amp;dmc=8&amp;adx=302&amp;ady=1930&amp;biw=1903&amp;bih=953&amp;scr_x=0&amp;scr_y=0&amp;eid=44759875%2C44759926%2C44759837%2C31085722%2C44795922%2C95331689%2C95334526%2C95334829%2C95337027%2C95337870%2C31085792%2C31084185%2C95339233%2C95336267%2C31078663%2C31078665%2C31078668%2C31078670&amp;oid=2&amp;psts=AOrYGslXztOKNBh3UcehyZW7YgPVErRjAoZlPrVCTVsgjj264WybC-nN0SsbAi11BlPNIV0tEXsJmwVCzWNrtQ&amp;pvsid=4323130818671275&amp;tmod=2103537160&amp;uas=0&amp;nvt=1&amp;ref=https%3A%2F%2Fjunin24.com%2F&amp;fc=1920&amp;brdim=0%2C0%2C0%2C0%2C1920%2C0%2C0%2C0%2C1920%2C953&amp;vis=1&amp;rsz=%7C%7CEebr%7C&amp;abl=CS&amp;pfx=0&amp;fu=128&amp;bc=31&amp;bz=0&amp;td=1&amp;tdf=2&amp;psd=W251bGwsbnVsbCxudWxsLDNd&amp;nt=1&amp;ifi=4&amp;uci=a!4&amp;btvi=2&amp;fsb=1&amp;dtd=5674\" data-google-container-id=\"a!4\" tabindex=\"0\" title=\"Advertisement\" aria-label=\"Advertisement\" data-google-query-id=\"COiwrNa53ocDFacGuQYdF6YOMw\" data-load-complete=\"true\" style=\"box-sizing: border-box; max-width: 100%; left: 0px; position: absolute; top: 0px; width: 968px; height: 0px;\"><\/iframe><\/div><\/ins><\/div><p style=\"box-sizing: border-box; margin: 0px 0px 1.5rem;\">La Direcci\u00f3n Regional de IOMA est\u00e1 compuesta por los municipios de General Arenales, Jun\u00edn, Chacabuco, Leandro N. Alem, General Pinto, Florentino Ameghino, Lincoln y General Viamonte.<\/p><p style=\"box-sizing: border-box; margin: 0px 0px 1.5rem;\">Actualmente el IOMA es conducido a nivel provincial por Homero Giles.<\/p><p style=\"box-sizing: border-box; margin: 0px 0px 1.5rem;\">Laguzzi declar\u00f3 \u201c Asumo esta responsabilidad con gran compromiso, estoy a disposici\u00f3n de los afiliados y afiliadas para acompa\u00f1ar y trabajar.\u201d<\/p><div class=\"code-block code-block-2\" style=\"box-sizing: border-box; margin: 8px auto; text-align: center; clear: both;\"><ins class=\"adsbygoogle\" data-ad-layout=\"in-article\" data-ad-format=\"fluid\" data-ad-client=\"ca-pub-6287886914781252\" data-ad-slot=\"9315197366\" data-adsbygoogle-status=\"done\" data-ad-status=\"unfilled\" style=\"box-sizing: border-box; display: block; height: 0px;\"><div id=\"aswift_4_host\" style=\"box-sizing: border-box; border: none; height: 0px; width: 968px; margin: 0px; padding: 0px; position: relative; visibility: visible; background-color: transparent; display: inline-block; overflow: hidden; opacity: 0;\"><iframe id=\"aswift_4\" name=\"aswift_4\" browsingtopics=\"true\" sandbox=\"allow-forms allow-popups allow-popups-to-escape-sandbox allow-same-origin allow-scripts allow-top-navigation-by-user-activation\" width=\"968\" height=\"0\" frameborder=\"0\" marginwidth=\"0\" marginheight=\"0\" vspace=\"0\" hspace=\"0\" allowtransparency=\"true\" scrolling=\"no\" allow=\"attribution-reporting; run-ad-auction\" src=\"https:\/\/googleads.g.doubleclick.net\/pagead\/ads?gdpr=0&amp;client=ca-pub-6287886914781252&amp;output=html&amp;h=200&amp;slotname=9315197366&amp;adk=3514163440&amp;adf=2948636011&amp;pi=t.ma~as.9315197366&amp;w=968&amp;abgtt=6&amp;fwrn=4&amp;lmt=1722881493&amp;rafmt=11&amp;format=968x200&amp;url=https%3A%2F%2Fjunin24.com%2Flocales%2Flucila-laguzzi-asumio-como-delegada-regional-de-ioma-junin%2F&amp;wgl=1&amp;uach=WyJXaW5kb3dzIiwiMTAuMC4wIiwieDg2IiwiIiwiMTI3LjAuNjUzMy44OSIsbnVsbCwwLG51bGwsIjY0IixbWyJOb3QpQTtCcmFuZCIsIjk5LjAuMC4wIl0sWyJHb29nbGUgQ2hyb21lIiwiMTI3LjAuNjUzMy44OSJdLFsiQ2hyb21pdW0iLCIxMjcuMC42NTMzLjg5Il1dLDFd&amp;dt=1722881487587&amp;bpp=1&amp;bdt=100&amp;idt=250&amp;shv=r20240731&amp;mjsv=m202407300101&amp;ptt=9&amp;saldr=aa&amp;abxe=1&amp;cookie=ID%3Dcf885c70dd08c4d7%3AT%3D1711045035%3ART%3D1722881472%3AS%3DALNI_MYe9Rwx-4MmUVYYwzFDYBqy0SsqcQ&amp;gpic=UID%3D00000dc922b8b284%3AT%3D1711045035%3ART%3D1722881472%3AS%3DALNI_MZussMi_nZK4CPNLATWYftHNn1Ipg&amp;eo_id_str=ID%3D2dafa6fc6b34eb72%3AT%3D1710785343%3ART%3D1722881472%3AS%3DAA-Afja11Sgdaly15w_vjqpzW1u7&amp;prev_fmts=0x0%2C968x280%2C1903x953%2C632x280%2C968x200&amp;nras=2&amp;correlator=3387478839975&amp;frm=20&amp;pv=1&amp;rplot=4&amp;u_tz=-180&amp;u_his=1&amp;u_h=1080&amp;u_w=1920&amp;u_ah=1040&amp;u_aw=1920&amp;u_cd=24&amp;u_sd=1&amp;dmc=8&amp;adx=302&amp;ady=2373&amp;biw=1903&amp;bih=953&amp;scr_x=0&amp;scr_y=0&amp;eid=44759875%2C44759926%2C44759837%2C31085722%2C44795922%2C95331689%2C95334526%2C95334829%2C95337027%2C95337870%2C31085792%2C31084185%2C95339233%2C95336267%2C31078663%2C31078665%2C31078668%2C31078670&amp;oid=2&amp;psts=AOrYGslXztOKNBh3UcehyZW7YgPVErRjAoZlPrVCTVsgjj264WybC-nN0SsbAi11BlPNIV0tEXsJmwVCzWNrtQ&amp;pvsid=4323130818671275&amp;tmod=2103537160&amp;uas=0&amp;nvt=1&amp;ref=https%3A%2F%2Fjunin24.com%2F&amp;fc=1920&amp;brdim=0%2C0%2C0%2C0%2C1920%2C0%2C0%2C0%2C1920%2C953&amp;vis=1&amp;rsz=%7C%7CEebr%7C&amp;abl=CS&amp;pfx=0&amp;fu=128&amp;bc=31&amp;bz=0&amp;td=1&amp;tdf=2&amp;psd=W251bGwsbnVsbCxudWxsLDNd&amp;nt=1&amp;ifi=5&amp;uci=a!5&amp;btvi=3&amp;fsb=1&amp;dtd=5677\" data-google-container-id=\"a!5\" tabindex=\"0\" title=\"Advertisement\" aria-label=\"Advertisement\" data-google-query-id=\"CJG5rNa53ocDFQYJuQYdtKcJXA\" data-load-complete=\"true\" style=\"box-sizing: border-box; max-width: 100%; left: 0px; position: absolute; top: 0px; width: 968px; height: 0px;\"><\/iframe><\/div><\/ins><\/div><p style=\"box-sizing: border-box; margin: 0px 0px 1.5rem;\">Agreg\u00f3 \u201cMauricio Mart\u00edn hizo un gran trabajo y continuaremos en esa l\u00ednea, la salud es prioridad para nuestra provincia y para el gobernador Axel Kicillof.\u201d<\/p><div style=\"box-sizing: border-box;\"><\/div><\/div><\/p>\n","protected":false},"excerpt":{"rendered":"<p>Lucila Laguzzi, ex concejala de Uni\u00f3n por la Patria, integrante de La Corriente Nacional de la Militancia, asumi\u00f3<\/p>\n","protected":false},"author":2,"featured_media":217,"comment_status":"open","ping_status":"open","sticky":false,"template":"","format":"standard","meta":{"footnotes":""},"categories":[4],"tags":[],"class_list":["post-216","post","type-post","status-publish","format-standard","has-post-thumbnail","hentry","category-junin"],"_links":{"self":[{"href":"http:\/\/ainewsopen.com.ar\/junin\/wp-json\/wp\/v2\/posts\/216","targetHints":{"allow":["GET"]}}],"collection":[{"href":"http:\/\/ainewsopen.com.ar\/junin\/wp-json\/wp\/v2\/posts"}],"about":[{"href":"http:\/\/ainewsopen.com.ar\/junin\/wp-json\/wp\/v2\/types\/post"}],"author":[{"embeddable":true,"href":"http:\/\/ainewsopen.com.ar\/junin\/wp-json\/wp\/v2\/users\/2"}],"replies":[{"embeddable":true,"href":"http:\/\/ainewsopen.com.ar\/junin\/wp-json\/wp\/v2\/comments?post=216"}],"version-history":[{"count":1,"href":"http:\/\/ainewsopen.com.ar\/junin\/wp-json\/wp\/v2\/posts\/216\/revisions"}],"predecessor-version":[{"id":218,"href":"http:\/\/ainewsopen.com.ar\/junin\/wp-json\/wp\/v2\/posts\/216\/revisions\/218"}],"wp:featuredmedia":[{"embeddable":true,"href":"http:\/\/ainewsopen.com.ar\/junin\/wp-json\/wp\/v2\/media\/217"}],"wp:attachment":[{"href":"http:\/\/ainewsopen.com.ar\/junin\/wp-json\/wp\/v2\/media?parent=216"}],"wp:term":[{"taxonomy":"category","embeddable":true,"href":"http:\/\/ainewsopen.com.ar\/junin\/wp-json\/wp\/v2\/categories?post=216"},{"taxonomy":"post_tag","embeddable":true,"href":"http:\/\/ainewsopen.com.ar\/junin\/wp-json\/wp\/v2\/tags?post=216"}],"curies":[{"name":"wp","href":"https:\/\/api.w.org\/{rel}","templated":true}]}}