{"id":220,"date":"2024-08-05T18:30:27","date_gmt":"2024-08-05T18:30:27","guid":{"rendered":"http:\/\/ainewsopen.com.ar\/junin\/?p=220"},"modified":"2024-08-05T18:30:27","modified_gmt":"2024-08-05T18:30:27","slug":"secuestran-una-escopeta-tras-un-allanamiento-y-procesan-a-un-sujeto-por-tenencia-ilegal-de-armas","status":"publish","type":"post","link":"http:\/\/ainewsopen.com.ar\/junin\/secuestran-una-escopeta-tras-un-allanamiento-y-procesan-a-un-sujeto-por-tenencia-ilegal-de-armas\/","title":{"rendered":"Secuestran una escopeta tras un allanamiento y procesan a un sujeto por tenencia ilegal de armas"},"content":{"rendered":"\n<p>El allanamiento se realiz\u00f3 en el marco de una investigaci\u00f3n que lleva la DDI Jun\u00edn por el robo de un arma reglamentaria a un polic\u00eda que presta servicios en la comisar\u00eda de la ciudad de Rojas.<\/p>\n\n\n\n<p>Un sujeto fue aprehendido por la DDI Jun\u00edn por tenencia ilegal de armas tras un allanamiento concretado en una vivienda, en una causa en la que interviene la fiscal\u00eda 1 y fue secuestrada una escopeta calibre 16 con siete cartuchos.<\/p>\n\n\n\n<p>Todo ocurri\u00f3 el pasado 13 de este mes cuando un efectivo policial que cumple servicio en la comisar\u00eda de Rojas, al regresar a su vivienda se encontr\u00f3 con que desconocidos, tras forzar la cerradura de su auto, sustrajeron su arma reglamentaria, una pistola 9 mm y dos cargados con doce municiones ceda uno.<\/p>\n\n\n\n<p>En las \u00faltimas horas, tras averiguaciones practicadas por efectivos de la DDI se logr\u00f3 establecer la identidad del autor del hecho y se dispuso un allanamiento en una vivienda pero si bien dio resultado negativo en relaci\u00f3n al arma buscada, se secuestr\u00f3 la escopeta encontrada por los polic\u00edas y se dispuso el procesamiento del morador de la casa por tenencia ilegal de arma de fuego.<\/p>\n\n\n\n<p>OTRAS DETENCIONES<\/p>\n\n\n\n<p>En las \u00faltimas horas, personal de la DDI Jun\u00edn efectiviz\u00f3 detenciones en la v\u00eda p\u00fablica de sujetos buscados por la justicia por distintas causas, uno de ellos en Maip\u00fa y Belgrano por un caso de lesiones culposas dictado por el Tribunal criminal 1 de Jun\u00edn, otro por lesiones leves calificadas -en Chile y Alsina, buscado por el Juzgado Correccional 1 y un tercero por lesiones graves, detenido en Hondura y Colombia buscado por el Juzgado Correccional 1 de Jun\u00edn.<\/p>\n","protected":false},"excerpt":{"rendered":"<p>El allanamiento se realiz\u00f3 en el marco de una investigaci\u00f3n que lleva la DDI Jun\u00edn por el robo<\/p>\n","protected":false},"author":2,"featured_media":221,"comment_status":"open","ping_status":"open","sticky":false,"template":"","format":"standard","meta":{"footnotes":""},"categories":[4,5],"tags":[],"class_list":["post-220","post","type-post","status-publish","format-standard","has-post-thumbnail","hentry","category-junin","category-policiales"],"_links":{"self":[{"href":"http:\/\/ainewsopen.com.ar\/junin\/wp-json\/wp\/v2\/posts\/220","targetHints":{"allow":["GET"]}}],"collection":[{"href":"http:\/\/ainewsopen.com.ar\/junin\/wp-json\/wp\/v2\/posts"}],"about":[{"href":"http:\/\/ainewsopen.com.ar\/junin\/wp-json\/wp\/v2\/types\/post"}],"author":[{"embeddable":true,"href":"http:\/\/ainewsopen.com.ar\/junin\/wp-json\/wp\/v2\/users\/2"}],"replies":[{"embeddable":true,"href":"http:\/\/ainewsopen.com.ar\/junin\/wp-json\/wp\/v2\/comments?post=220"}],"version-history":[{"count":1,"href":"http:\/\/ainewsopen.com.ar\/junin\/wp-json\/wp\/v2\/posts\/220\/revisions"}],"predecessor-version":[{"id":222,"href":"http:\/\/ainewsopen.com.ar\/junin\/wp-json\/wp\/v2\/posts\/220\/revisions\/222"}],"wp:featuredmedia":[{"embeddable":true,"href":"http:\/\/ainewsopen.com.ar\/junin\/wp-json\/wp\/v2\/media\/221"}],"wp:attachment":[{"href":"http:\/\/ainewsopen.com.ar\/junin\/wp-json\/wp\/v2\/media?parent=220"}],"wp:term":[{"taxonomy":"category","embeddable":true,"href":"http:\/\/ainewsopen.com.ar\/junin\/wp-json\/wp\/v2\/categories?post=220"},{"taxonomy":"post_tag","embeddable":true,"href":"http:\/\/ainewsopen.com.ar\/junin\/wp-json\/wp\/v2\/tags?post=220"}],"curies":[{"name":"wp","href":"https:\/\/api.w.org\/{rel}","templated":true}]}}