{"id":45,"date":"2024-06-06T19:20:13","date_gmt":"2024-06-06T19:20:13","guid":{"rendered":"http:\/\/ainewsopen.com.ar\/junin\/?p=45"},"modified":"2024-06-06T19:20:13","modified_gmt":"2024-06-06T19:20:13","slug":"petrecca-destaco-el-trabajo-en-las-aulas-la-calidad-de-los-trabajos-y-el-compromiso-de-los-chicos-con-la-ciudad","status":"publish","type":"post","link":"http:\/\/ainewsopen.com.ar\/junin\/petrecca-destaco-el-trabajo-en-las-aulas-la-calidad-de-los-trabajos-y-el-compromiso-de-los-chicos-con-la-ciudad\/","title":{"rendered":"Petrecca destac\u00f3 el trabajo en las aulas, la calidad de los trabajos y el compromiso de los chicos con la ciudad"},"content":{"rendered":"\n<p>El alcalde juninense efectu\u00f3 una recorrida por la Feria Distrital de educaci\u00f3n, arte, ciencias y tecnolog\u00eda<\/p>\n\n\n\n<p>Este mi\u00e9rcoles 5 de junio, se llev\u00f3 a cabo en las instalaciones del Colegio Secundario de la UNNOBA la edici\u00f3n 2024 de la tradicional feria donde los colegios participantes, de todo Jun\u00edn y de todos los niveles, exponen trabajos realizados en el aula por sus alumnos. Como siempre, las tem\u00e1ticas desarrolladas en la feria abarcaron cuestiones de medio ambiente, salud, tecnolog\u00eda, rob\u00f3tica, entre otros. El intendente Pablo Petrecca, junto a la directora de Educaci\u00f3n del Municipio, Ver\u00f3nica Ferrarezi, recorri\u00f3 los stand y escuch\u00f3 las presentaciones de los alumnos sobre los trabajos presentados.<\/p>\n\n\n\n<p>Tras la recorrida, Petrecca indic\u00f3 que \u00abque siempre es un placer recorrer estas ferias y escuchar a los chicos, protagonistas de todo esto y que realmente hacen unos trabajos e investigaciones impresionantes. Adem\u00e1s lo hacen en sobre temas que son de sumo inter\u00e9s y actuales, como medio ambiente, salud, prevenci\u00f3n, rob\u00f3tica y tecnolog\u00eda y tambi\u00e9n proyectos que buscan mejorar alg\u00fan aspecto de la comunidad, lo que habla tambi\u00e9n del compromiso de los chicos con la ciudad\u00bb.<\/p>\n\n\n\n<p>\u00abSiempre nos vamos con mucha satisfacci\u00f3n y esperanza de estas ferias, porque ve a alumnos, docentes y directivos muy comprometidos con la educaci\u00f3n y tambi\u00e9n con la comunidad, a punto tal de que hemos visto trabajos investigativos para explicar los fen\u00f3menos de la sequ\u00eda y lo que sucede con la laguna de G\u00f3mez y los peces\u00bb, agreg\u00f3.<\/p>\n\n\n\n<p>Sobre la importancia de esta feria, el Jefe Comunal asegur\u00f3 que \u00abes fundamental para los chicos, porque es un espacio de investigaci\u00f3n, de estudio, creatividad y lo hacen en equipo, alumnos y docentes. Esto habla del hoy, del presente pero tambi\u00e9n del futuro de nuestra ciudad\u00bb. Por \u00faltimo, afirm\u00f3 que \u00absiempre me es placentero recorrer esta feria y otra vez quiero felicitar, especialmente, a todos los alumnos que participaron de la misma\u00bb.<\/p>\n\n\n\n<p>En tanto, Ver\u00f3nica Ferrarezi, titular de la cartera educativa del Municipio, a\u00f1adi\u00f3: \u00abComo bien lo dijo Pablo (Petrecca), es una satisfacci\u00f3n recorrer esta feria, porque sabemos que esto lleva mucho tiempo de trabajo, no es que se toma un tema, armo un stand y lo presento, ac\u00e1 hay, por parte de los chicos, investigaci\u00f3n y estudio y un gran compromiso de los docentes\u00bb.<\/p>\n\n\n\n<p>\u00abTambi\u00e9n es esta feria una oportunidad para mostrar lo que los chicos hacen, el d\u00eda a d\u00eda. Con esto los chicos no s\u00f3lo aprenden, sino que adem\u00e1s lo transmiten, lo comparten, adem\u00e1s con todos temas muy importantes e interesantes que tienen que ver con la actualidad de nuestra ciudad, por eso, en esta feria todos los trabajos son ganadores porque se ve mucho compromiso con la comunidad \u00ab, concluy\u00f3.<\/p>\n\n\n\n<figure class=\"wp-block-embed is-type-video is-provider-youtube wp-block-embed-youtube wp-embed-aspect-16-9 wp-has-aspect-ratio\"><div class=\"wp-block-embed__wrapper\">\n<iframe title=\"Petrecca destac\u00f3 el trabajo en las aulas, la calidad de los trabajos y el compromiso de los chicos\" width=\"640\" height=\"360\" src=\"https:\/\/www.youtube.com\/embed\/p9gfzWPIKsI?feature=oembed\" frameborder=\"0\" allow=\"accelerometer; autoplay; clipboard-write; encrypted-media; gyroscope; picture-in-picture; web-share\" referrerpolicy=\"strict-origin-when-cross-origin\" allowfullscreen><\/iframe>\n<\/div><\/figure>\n\n\n\n<figure class=\"wp-block-gallery has-nested-images columns-default is-cropped wp-block-gallery-1 is-layout-flex wp-block-gallery-is-layout-flex\">\n<figure class=\"wp-block-image size-large\"><a href=\"http:\/\/ainewsopen.com.ar\/junin\/wp-content\/uploads\/2024\/06\/Petrecca-Recorrido-Feria-del-Libro-6-scaled-1.jpg\"><img fetchpriority=\"high\" decoding=\"async\" width=\"930\" height=\"620\" data-id=\"49\" src=\"http:\/\/ainewsopen.com.ar\/junin\/wp-content\/uploads\/2024\/06\/Petrecca-Recorrido-Feria-del-Libro-6-scaled-1.jpg\" alt=\"\" class=\"wp-image-49\" srcset=\"http:\/\/ainewsopen.com.ar\/junin\/wp-content\/uploads\/2024\/06\/Petrecca-Recorrido-Feria-del-Libro-6-scaled-1.jpg 930w, http:\/\/ainewsopen.com.ar\/junin\/wp-content\/uploads\/2024\/06\/Petrecca-Recorrido-Feria-del-Libro-6-scaled-1-300x200.jpg 300w, http:\/\/ainewsopen.com.ar\/junin\/wp-content\/uploads\/2024\/06\/Petrecca-Recorrido-Feria-del-Libro-6-scaled-1-768x512.jpg 768w\" sizes=\"(max-width: 930px) 100vw, 930px\" \/><\/a><\/figure>\n\n\n\n<figure class=\"wp-block-image size-large\"><a href=\"http:\/\/ainewsopen.com.ar\/junin\/wp-content\/uploads\/2024\/06\/Petrecca-Recorrido-Feria-del-Libro-3-scaled-1.jpg\"><img decoding=\"async\" width=\"930\" height=\"620\" data-id=\"51\" src=\"http:\/\/ainewsopen.com.ar\/junin\/wp-content\/uploads\/2024\/06\/Petrecca-Recorrido-Feria-del-Libro-3-scaled-1.jpg\" alt=\"\" class=\"wp-image-51\" srcset=\"http:\/\/ainewsopen.com.ar\/junin\/wp-content\/uploads\/2024\/06\/Petrecca-Recorrido-Feria-del-Libro-3-scaled-1.jpg 930w, http:\/\/ainewsopen.com.ar\/junin\/wp-content\/uploads\/2024\/06\/Petrecca-Recorrido-Feria-del-Libro-3-scaled-1-300x200.jpg 300w, http:\/\/ainewsopen.com.ar\/junin\/wp-content\/uploads\/2024\/06\/Petrecca-Recorrido-Feria-del-Libro-3-scaled-1-768x512.jpg 768w\" sizes=\"(max-width: 930px) 100vw, 930px\" \/><\/a><\/figure>\n\n\n\n<figure class=\"wp-block-image size-large\"><a href=\"http:\/\/ainewsopen.com.ar\/junin\/wp-content\/uploads\/2024\/06\/Petrecca-Recorrido-Feria-del-Libro-2-scaled-1.jpg\"><img decoding=\"async\" width=\"930\" height=\"620\" data-id=\"50\" src=\"http:\/\/ainewsopen.com.ar\/junin\/wp-content\/uploads\/2024\/06\/Petrecca-Recorrido-Feria-del-Libro-2-scaled-1.jpg\" alt=\"\" class=\"wp-image-50\" srcset=\"http:\/\/ainewsopen.com.ar\/junin\/wp-content\/uploads\/2024\/06\/Petrecca-Recorrido-Feria-del-Libro-2-scaled-1.jpg 930w, http:\/\/ainewsopen.com.ar\/junin\/wp-content\/uploads\/2024\/06\/Petrecca-Recorrido-Feria-del-Libro-2-scaled-1-300x200.jpg 300w, http:\/\/ainewsopen.com.ar\/junin\/wp-content\/uploads\/2024\/06\/Petrecca-Recorrido-Feria-del-Libro-2-scaled-1-768x512.jpg 768w\" sizes=\"(max-width: 930px) 100vw, 930px\" \/><\/a><\/figure>\n\n\n\n<figure class=\"wp-block-image size-large\"><a href=\"http:\/\/ainewsopen.com.ar\/junin\/wp-content\/uploads\/2024\/06\/Petrecca-Recorrido-Feria-del-Libro-4-scaled-1.jpg\"><img loading=\"lazy\" decoding=\"async\" width=\"930\" height=\"620\" data-id=\"48\" src=\"http:\/\/ainewsopen.com.ar\/junin\/wp-content\/uploads\/2024\/06\/Petrecca-Recorrido-Feria-del-Libro-4-scaled-1.jpg\" alt=\"\" class=\"wp-image-48\" srcset=\"http:\/\/ainewsopen.com.ar\/junin\/wp-content\/uploads\/2024\/06\/Petrecca-Recorrido-Feria-del-Libro-4-scaled-1.jpg 930w, http:\/\/ainewsopen.com.ar\/junin\/wp-content\/uploads\/2024\/06\/Petrecca-Recorrido-Feria-del-Libro-4-scaled-1-300x200.jpg 300w, http:\/\/ainewsopen.com.ar\/junin\/wp-content\/uploads\/2024\/06\/Petrecca-Recorrido-Feria-del-Libro-4-scaled-1-768x512.jpg 768w\" sizes=\"(max-width: 930px) 100vw, 930px\" \/><\/a><\/figure>\n\n\n\n<figure class=\"wp-block-image size-large\"><a href=\"http:\/\/ainewsopen.com.ar\/junin\/wp-content\/uploads\/2024\/06\/Petrecca-Recorrido-Feria-del-Libro-1-scaled-1.jpg\"><img loading=\"lazy\" decoding=\"async\" width=\"930\" height=\"620\" data-id=\"46\" src=\"http:\/\/ainewsopen.com.ar\/junin\/wp-content\/uploads\/2024\/06\/Petrecca-Recorrido-Feria-del-Libro-1-scaled-1.jpg\" alt=\"\" class=\"wp-image-46\" srcset=\"http:\/\/ainewsopen.com.ar\/junin\/wp-content\/uploads\/2024\/06\/Petrecca-Recorrido-Feria-del-Libro-1-scaled-1.jpg 930w, http:\/\/ainewsopen.com.ar\/junin\/wp-content\/uploads\/2024\/06\/Petrecca-Recorrido-Feria-del-Libro-1-scaled-1-300x200.jpg 300w, http:\/\/ainewsopen.com.ar\/junin\/wp-content\/uploads\/2024\/06\/Petrecca-Recorrido-Feria-del-Libro-1-scaled-1-768x512.jpg 768w\" sizes=\"(max-width: 930px) 100vw, 930px\" \/><\/a><\/figure>\n\n\n\n<figure class=\"wp-block-image size-large\"><a href=\"http:\/\/ainewsopen.com.ar\/junin\/wp-content\/uploads\/2024\/06\/Petrecca-Recorrido-Feria-del-Libro-7-scaled-1.jpg\"><img loading=\"lazy\" decoding=\"async\" width=\"930\" height=\"620\" data-id=\"47\" src=\"http:\/\/ainewsopen.com.ar\/junin\/wp-content\/uploads\/2024\/06\/Petrecca-Recorrido-Feria-del-Libro-7-scaled-1.jpg\" alt=\"\" class=\"wp-image-47\" srcset=\"http:\/\/ainewsopen.com.ar\/junin\/wp-content\/uploads\/2024\/06\/Petrecca-Recorrido-Feria-del-Libro-7-scaled-1.jpg 930w, http:\/\/ainewsopen.com.ar\/junin\/wp-content\/uploads\/2024\/06\/Petrecca-Recorrido-Feria-del-Libro-7-scaled-1-300x200.jpg 300w, http:\/\/ainewsopen.com.ar\/junin\/wp-content\/uploads\/2024\/06\/Petrecca-Recorrido-Feria-del-Libro-7-scaled-1-768x512.jpg 768w\" sizes=\"(max-width: 930px) 100vw, 930px\" \/><\/a><\/figure>\n<\/figure>\n","protected":false},"excerpt":{"rendered":"<p>El alcalde juninense efectu\u00f3 una recorrida por la Feria Distrital de educaci\u00f3n, arte, ciencias y tecnolog\u00eda Este mi\u00e9rcoles<\/p>\n","protected":false},"author":2,"featured_media":47,"comment_status":"open","ping_status":"open","sticky":false,"template":"","format":"standard","meta":{"footnotes":""},"categories":[1],"tags":[],"class_list":["post-45","post","type-post","status-publish","format-standard","has-post-thumbnail","hentry","category-sin-categoria"],"_links":{"self":[{"href":"http:\/\/ainewsopen.com.ar\/junin\/wp-json\/wp\/v2\/posts\/45","targetHints":{"allow":["GET"]}}],"collection":[{"href":"http:\/\/ainewsopen.com.ar\/junin\/wp-json\/wp\/v2\/posts"}],"about":[{"href":"http:\/\/ainewsopen.com.ar\/junin\/wp-json\/wp\/v2\/types\/post"}],"author":[{"embeddable":true,"href":"http:\/\/ainewsopen.com.ar\/junin\/wp-json\/wp\/v2\/users\/2"}],"replies":[{"embeddable":true,"href":"http:\/\/ainewsopen.com.ar\/junin\/wp-json\/wp\/v2\/comments?post=45"}],"version-history":[{"count":1,"href":"http:\/\/ainewsopen.com.ar\/junin\/wp-json\/wp\/v2\/posts\/45\/revisions"}],"predecessor-version":[{"id":52,"href":"http:\/\/ainewsopen.com.ar\/junin\/wp-json\/wp\/v2\/posts\/45\/revisions\/52"}],"wp:featuredmedia":[{"embeddable":true,"href":"http:\/\/ainewsopen.com.ar\/junin\/wp-json\/wp\/v2\/media\/47"}],"wp:attachment":[{"href":"http:\/\/ainewsopen.com.ar\/junin\/wp-json\/wp\/v2\/media?parent=45"}],"wp:term":[{"taxonomy":"category","embeddable":true,"href":"http:\/\/ainewsopen.com.ar\/junin\/wp-json\/wp\/v2\/categories?post=45"},{"taxonomy":"post_tag","embeddable":true,"href":"http:\/\/ainewsopen.com.ar\/junin\/wp-json\/wp\/v2\/tags?post=45"}],"curies":[{"name":"wp","href":"https:\/\/api.w.org\/{rel}","templated":true}]}}