{"id":73,"date":"2024-06-07T19:23:43","date_gmt":"2024-06-07T19:23:43","guid":{"rendered":"http:\/\/ainewsopen.com.ar\/junin\/?p=73"},"modified":"2024-06-07T19:23:43","modified_gmt":"2024-06-07T19:23:43","slug":"mercado-en-tu-barrio-se-presenta-este-viernes-en-barrio-belgrano","status":"publish","type":"post","link":"http:\/\/ainewsopen.com.ar\/junin\/mercado-en-tu-barrio-se-presenta-este-viernes-en-barrio-belgrano\/","title":{"rendered":"\u201cMercado en tu Barrio\u201d se presenta este viernes en Barrio Belgrano"},"content":{"rendered":"\n<p>La feria ofrece alimentos y derivados elaborados por productores locales y al alcance de la mano de los vecinos, sin ninguna intermediaci\u00f3n de por medio. Entre los principales productos que se pueden encontrar est\u00e1n l\u00e1cteos, panificados, frutas, verduras, huevos, carne, pollo, pescado, mermeladas, conservas y dem\u00e1s.<\/p>\n\n\n\n<p>\u201cMercado en tu Barrio\u201d se presenta este viernes en Barrio Belgrano. La iniciativa impulsada por la Secretar\u00eda de Desarrollo Econ\u00f3mico del Gobierno de Jun\u00edn, por medio del \u00e1rea de Asuntos Agropecuarios, se har\u00e1 presente el viernes 7 de junio, de 9 a 13hs, en la plaza \u201cDomingo Faustino Sarmiento\u201d (Siria y Dorrego), ubicada en el coraz\u00f3n de dicho barrio, para que los vecinos aprovechen la oferta de productos alimenticios con importantes descuentos y de muy buena calidad.<\/p>\n\n\n\n<p>Cabe destacar que la feria ofrece alimentos y derivados elaborados por productores locales y al alcance de la mano de los vecinos, sin ninguna intermediaci\u00f3n de por medio. Entre los principales productos que se pueden encontrar est\u00e1n l\u00e1cteos, panificados, frutas, verduras, huevos, carne, pollo, pescado, mermeladas, conservas y dem\u00e1s.<\/p>\n\n\n\n<p>Adem\u00e1s, en este marco informan desde el \u00e1rea de Asuntos Agropecuarios que la convocatoria para todos los productores que deseen participar permanece abierta, para lo cual los interesados deben dirigirse hasta las instalaciones de la Secretar\u00eda de Desarrollo Econ\u00f3mico, ubicada en Espa\u00f1a 37, de lunes a viernes de 8 a 14hs.<\/p>\n\n\n\n<p><\/p>\n","protected":false},"excerpt":{"rendered":"<p>La feria ofrece alimentos y derivados elaborados por productores locales y al alcance de la mano de los<\/p>\n","protected":false},"author":2,"featured_media":74,"comment_status":"open","ping_status":"open","sticky":false,"template":"","format":"standard","meta":{"footnotes":""},"categories":[4],"tags":[],"class_list":["post-73","post","type-post","status-publish","format-standard","has-post-thumbnail","hentry","category-junin"],"_links":{"self":[{"href":"http:\/\/ainewsopen.com.ar\/junin\/wp-json\/wp\/v2\/posts\/73","targetHints":{"allow":["GET"]}}],"collection":[{"href":"http:\/\/ainewsopen.com.ar\/junin\/wp-json\/wp\/v2\/posts"}],"about":[{"href":"http:\/\/ainewsopen.com.ar\/junin\/wp-json\/wp\/v2\/types\/post"}],"author":[{"embeddable":true,"href":"http:\/\/ainewsopen.com.ar\/junin\/wp-json\/wp\/v2\/users\/2"}],"replies":[{"embeddable":true,"href":"http:\/\/ainewsopen.com.ar\/junin\/wp-json\/wp\/v2\/comments?post=73"}],"version-history":[{"count":1,"href":"http:\/\/ainewsopen.com.ar\/junin\/wp-json\/wp\/v2\/posts\/73\/revisions"}],"predecessor-version":[{"id":75,"href":"http:\/\/ainewsopen.com.ar\/junin\/wp-json\/wp\/v2\/posts\/73\/revisions\/75"}],"wp:featuredmedia":[{"embeddable":true,"href":"http:\/\/ainewsopen.com.ar\/junin\/wp-json\/wp\/v2\/media\/74"}],"wp:attachment":[{"href":"http:\/\/ainewsopen.com.ar\/junin\/wp-json\/wp\/v2\/media?parent=73"}],"wp:term":[{"taxonomy":"category","embeddable":true,"href":"http:\/\/ainewsopen.com.ar\/junin\/wp-json\/wp\/v2\/categories?post=73"},{"taxonomy":"post_tag","embeddable":true,"href":"http:\/\/ainewsopen.com.ar\/junin\/wp-json\/wp\/v2\/tags?post=73"}],"curies":[{"name":"wp","href":"https:\/\/api.w.org\/{rel}","templated":true}]}}