{"id":79,"date":"2024-06-11T18:57:40","date_gmt":"2024-06-11T18:57:40","guid":{"rendered":"http:\/\/ainewsopen.com.ar\/junin\/?p=79"},"modified":"2024-06-11T18:57:41","modified_gmt":"2024-06-11T18:57:41","slug":"petrecca-seguiremos-trabajando-para-cuidar-la-vida-de-los-juninenses","status":"publish","type":"post","link":"http:\/\/ainewsopen.com.ar\/junin\/petrecca-seguiremos-trabajando-para-cuidar-la-vida-de-los-juninenses\/","title":{"rendered":"Petrecca: \u00abSeguiremos trabajando para cuidar la vida de los juninenses\u00bb"},"content":{"rendered":"\n<p>Se desarrollaron actividades por el D\u00eda Mundial de la Seguridad Vial. Charla a empleados de una firma juninense y se obsequiaron guantes para motociclistas y luces a los ciclistas en la zona c\u00e9ntrica.<\/p>\n\n\n\n<p>En el marco del D\u00eda Mundial de la Seguridad Vial, que se conmemora este 10 de Junio y tal como se hab\u00eda anunciado, el Gobierno de Jun\u00edn, a trav\u00e9s del Departamento Municipal de Educaci\u00f3n Vial y junto a la Asociaci\u00f3n Estrellas Amarillas, desarrolla durante toda la semana una serie de actividades con el objetivo de seguir concientizando a los vecinos sobre la importancia de respetar las normas de tr\u00e1nsito.<\/p>\n\n\n\n<p>Este lunes, se brind\u00f3 una charla de concientizaci\u00f3n a empleados de la firma Voy, radica a la vera de la ruta nacional 7, sobre la importancia de trasladarse con todos los elementos de seguridad, principalmente ropa reflectiva y casco. Luego, las actividades continuaron en el centro de la ciudad, donde a aquellos motociclistas y ciclistas que circulaban con casco, se les obsequi\u00f3 un par de guantes para los primeros y luces para los segundos.<\/p>\n\n\n\n<p>El intendente Pablo Petrecca, al igual que el d\u00eda s\u00e1bado en el Parque Lineal, particip\u00f3 de las actividades y en ese marco expres\u00f3: \u00bb Este es un d\u00eda muy importante para todo el mundo ya que, lamentablemente, las estad\u00edsticas son muy preocupantes. Esto no escapa a nuestro pa\u00eds y por supuesto a nuestra ciudad, donde la mayor\u00eda de estos accidentes tienen su origen por la falta de cumplimiento a las normas\u00bb.<\/p>\n\n\n\n<p>\u00abEs por es que, desde el Municipio, llevamos adelante una pol\u00edtica muy activa, por un lado, con la Agencia Municipal de Seguridad Vial y su tarea de control pero tambi\u00e9n, en la concientizaci\u00f3n, con las charlas educativas del programa Voy Seguro, donde ya hemos llegado a m\u00e1s de 74000 alumnos de todos los niveles, tambi\u00e9n instituciones y familias. Hemos creado el el Departamento de Educaci\u00f3n Vial, por ordenanza, donde trabajamos de manera conjunta con Estrella Amarillas, un grupo de mujeres que, a pesar de haber sufrido la p\u00e9rdida de un familiar, recorren la ciudad para concientizar a los vecinos y tratan de evitar que otros, pasen por el dolor que pasan ellas\u00bb, agreg\u00f3.<\/p>\n\n\n\n<p>El intendente Petrecca tambi\u00e9n destac\u00f3 el trabajo del Foro Municipal de Seguridad Vial, \u00abdonde mancomunadamente trabajamos con representantes de instituciones comprometidas con la tem\u00e1tica, donde participan activamente de estudios y propuestas para seguir mejorando el tr\u00e1nsito en Jun\u00edn, dise\u00f1ando obras de infraestructura, redefiniendo el sentido de calles o solicitando donde haga falta carteler\u00eda, sem\u00e1foros, en definitiva, todo lo que haga falta\u00bb.<\/p>\n\n\n\n<p>Tambi\u00e9n el Jefe Comunal resalt\u00f3 la \u00abimportancia del Transporte P\u00fablico y obras como la de la bicisenda, como fundamentales para el ordenamiento vial\u00bb.<\/p>\n\n\n\n<p>En relaci\u00f3n a la acci\u00f3n llevada a cabo en la plaza principal de la ciudad, este lunes por la ma\u00f1ana, Petrecca dijo: \u00abEstamos ac\u00e1 para premiar y reconocer a aquel que hace las cosas bien, hoy estamos parando al motociclista que va con su casco o al ciclista que tambi\u00e9n lo lleva puesto para premiarlo y tambi\u00e9n lo hacemos en conjunto con nuestra agencia y con Estrellas Amarillas\u00bb.<\/p>\n\n\n\n<p>Para finalizar, el Intendente Pablo Petrecca asegur\u00f3 que \u00abtodo lo que hacemos, desde el primer d\u00eda de nuestra gesti\u00f3n, tiene que ver con cuidar la vida de los juninenses, cada accidente nos preocupa y para que no ocurran, para eso, desde el gobierno seguiremos haciendo todo lo que tenemos que hacer y el vecino, debe poner su parte, respetar las leyes del tr\u00e1nsito, frenar cuando el sem\u00e1foro est\u00e1 en rojo, cruzar la calle por la esquina, andar en moto y bici con casco y no usar el tel\u00e9fono cuando manejamos, s\u00f3lo as\u00ed vamos a reducir el n\u00famero de accidentes\u00bb.<\/p>\n\n\n\n<p>En tanto, Mario Olmedo, subsecretario de Control Ciudadano, agreg\u00f3 que \u00abcada 10 de junio debe ser un d\u00eda para reflexionar sobre los riesgos de no respetar las normas de tr\u00e1nsito. Para nosotros la concientizaci\u00f3n es fundamental, por eso seguiremos trabajando fuertemente en este sentido, tratando de llegar a todos los vecinos para que todos entiendan que una mala decisi\u00f3n puede costarnos la vida\u00bb.<\/p>\n\n\n\n<p>Tambi\u00e9n destac\u00f3 por \u00faltimo, el trabajo de Estrellas Amarillas, \u00abpilar fundamental de nuestro departamento de Educaci\u00f3n Vial, personas que, desde el dolor, nos ayudan a concientizar para que a otros no les pase\u00bb.<\/p>\n\n\n\n<p>Finalmente, Monica Rustici, integrante de Estrellas Amarillas, asegur\u00f3: \u00abSeguiremos trabajando y acompa\u00f1ando al Municipio en esta tarea que es de todos, tener un tr\u00e1nsito seguro. En mi caso particular junio es un mes dif\u00edcil, perd\u00ed a mi hijo un 15 de junio en un siniestro vial, pero a pesar del dolor seguiremos trabajando para que todos los juninenses cuiden sus vidas\u00bb.<\/p>\n\n\n\n<p><\/p>\n","protected":false},"excerpt":{"rendered":"<p>Se desarrollaron actividades por el D\u00eda Mundial de la Seguridad Vial. Charla a empleados de una firma juninense<\/p>\n","protected":false},"author":2,"featured_media":80,"comment_status":"open","ping_status":"open","sticky":false,"template":"","format":"standard","meta":{"footnotes":""},"categories":[4],"tags":[],"class_list":["post-79","post","type-post","status-publish","format-standard","has-post-thumbnail","hentry","category-junin"],"_links":{"self":[{"href":"http:\/\/ainewsopen.com.ar\/junin\/wp-json\/wp\/v2\/posts\/79","targetHints":{"allow":["GET"]}}],"collection":[{"href":"http:\/\/ainewsopen.com.ar\/junin\/wp-json\/wp\/v2\/posts"}],"about":[{"href":"http:\/\/ainewsopen.com.ar\/junin\/wp-json\/wp\/v2\/types\/post"}],"author":[{"embeddable":true,"href":"http:\/\/ainewsopen.com.ar\/junin\/wp-json\/wp\/v2\/users\/2"}],"replies":[{"embeddable":true,"href":"http:\/\/ainewsopen.com.ar\/junin\/wp-json\/wp\/v2\/comments?post=79"}],"version-history":[{"count":1,"href":"http:\/\/ainewsopen.com.ar\/junin\/wp-json\/wp\/v2\/posts\/79\/revisions"}],"predecessor-version":[{"id":81,"href":"http:\/\/ainewsopen.com.ar\/junin\/wp-json\/wp\/v2\/posts\/79\/revisions\/81"}],"wp:featuredmedia":[{"embeddable":true,"href":"http:\/\/ainewsopen.com.ar\/junin\/wp-json\/wp\/v2\/media\/80"}],"wp:attachment":[{"href":"http:\/\/ainewsopen.com.ar\/junin\/wp-json\/wp\/v2\/media?parent=79"}],"wp:term":[{"taxonomy":"category","embeddable":true,"href":"http:\/\/ainewsopen.com.ar\/junin\/wp-json\/wp\/v2\/categories?post=79"},{"taxonomy":"post_tag","embeddable":true,"href":"http:\/\/ainewsopen.com.ar\/junin\/wp-json\/wp\/v2\/tags?post=79"}],"curies":[{"name":"wp","href":"https:\/\/api.w.org\/{rel}","templated":true}]}}