{"id":97,"date":"2024-06-12T18:52:50","date_gmt":"2024-06-12T18:52:50","guid":{"rendered":"http:\/\/ainewsopen.com.ar\/junin\/?p=97"},"modified":"2024-06-12T18:52:50","modified_gmt":"2024-06-12T18:52:50","slug":"el-municipio-puso-en-funcionamiento-el-nuevo-semaforo-de-alvear-y-la-plata","status":"publish","type":"post","link":"http:\/\/ainewsopen.com.ar\/junin\/el-municipio-puso-en-funcionamiento-el-nuevo-semaforo-de-alvear-y-la-plata\/","title":{"rendered":"El Municipio puso en funcionamiento el nuevo sem\u00e1foro de Alvear y La Plata"},"content":{"rendered":"\n<p>\u201cEste es el sem\u00e1foro n\u00famero 73 que colocamos, ya son 30 las esquinas intervenidas en lo que va de nuestra gesti\u00f3n, la ciudad est\u00e1 en pleno crecimiento y por eso debemos seguir concretando acciones para mantener el tr\u00e1nsito ordenado\u201d, destac\u00f3 el intendente Pablo Petrecca.<\/p>\n\n\n\n<figure class=\"wp-block-embed is-type-video is-provider-youtube wp-block-embed-youtube wp-embed-aspect-16-9 wp-has-aspect-ratio\"><div class=\"wp-block-embed__wrapper\">\n<iframe title=\"Seguridad vial: El Municipio puso en funcionamiento el nuevo sem\u00e1foro de Av. Alvear y Av. La Plata\" width=\"640\" height=\"360\" src=\"https:\/\/www.youtube.com\/embed\/25-uDYewPQE?feature=oembed\" frameborder=\"0\" allow=\"accelerometer; autoplay; clipboard-write; encrypted-media; gyroscope; picture-in-picture; web-share\" referrerpolicy=\"strict-origin-when-cross-origin\" allowfullscreen><\/iframe>\n<\/div><\/figure>\n\n\n\n<p>En el marco del reordenamiento vial y plan de semaforizaci\u00f3n que el Gobierno de Jun\u00edn lleva adelante, con la presencia de fomentistas, vecinos, integrantes del Foro de Seguridad Vial, representantes de la Asociaci\u00f3n Civil Estrellas Amarillas, funcionarios del ejecutivo, y el intendente Pablo Petrecca, se puso en funcionamiento el sem\u00e1foro ubicado en la intersecci\u00f3n de las avenidas La Plata y Alvear.<\/p>\n\n\n\n<p>\u201cEste es el sem\u00e1foro n\u00famero 73 que colocamos, ya son 30 las esquinas intervenidas en lo que va de nuestra gesti\u00f3n, la ciudad est\u00e1 en pleno crecimiento y por eso debemos seguir concretando acciones para mantener el tr\u00e1nsito ordenado\u201d, afirm\u00f3 Pablo Petrecca.<\/p>\n\n\n\n<p>Vale destacar que esto se da en el marco de una solicitud que realiz\u00f3 el Foro Municipal de Seguridad Vial, \u00f3rgano conformado por representantes del Municipio y de diferentes instituciones que analiza y estudia acciones en pos de la seguridad vial en la ciudad de Jun\u00edn y que, adem\u00e1s del sem\u00e1foro, tambi\u00e9n desde el Municipio se realiz\u00f3 la demarcaci\u00f3n de las sendas peatonales. Toda esta intervenci\u00f3n demand\u00f3 una inversi\u00f3n de m\u00e1s de 15 millones de pesos.<\/p>\n\n\n\n<p>A prop\u00f3sito de esta nueva acci\u00f3n, Pablo Petrecca, intendente de Jun\u00edn, manifest\u00f3: \u201cEstamos muy contentos de estar poniendo en marcha este nuevo sem\u00e1foro, acci\u00f3n que se da en el marco de un plan integral que se lleva adelante desde la gesti\u00f3n, y que apunta a seguir trabajando por la seguridad vial en Jun\u00edn, hoy lo hacemos poniendo en funcionamiento un nuevo sem\u00e1foro ubicado en Avenida La Plata y Avenida Alvear, arterias que se convirtieron en fundamentales para la ciudad, luego de que se realizaran importantes obras de infraestructura que, desde el Foro de Seguridad Vial, se estudi\u00f3 la necesidad de colocar este sem\u00e1foro y ac\u00e1 lo estamos concretando\u201d.<\/p>\n\n\n\n<p>Seguidamente, se\u00f1al\u00f3: \u201cHoy es un d\u00eda especial, hay dos fechas que quiero destacar, en primer lugar mencionar que es el D\u00eda del Vecino, y justamente estamos con los fomentistas del barrio Capilla Loreto y Bicentenario, acompa\u00f1ados de Julio Miguenz, que representa a la Federaci\u00f3n de Sociedades de Fomento, y uno trabaja por y para los vecinos, as\u00ed que hoy es un d\u00eda especial y esta obra tiene que ver tambi\u00e9n con eso, con dar respuesta a los pedidos de los vecinos, representados por las instituciones\u201d.<\/p>\n\n\n\n<p>Luego, el Jefe Comunal record\u00f3 que \u201ctambi\u00e9n est\u00e1 transcurriendo la Semana de la Seguridad Vial, conmemorado espec\u00edficamente el 10 de junio el D\u00eda de Seguridad Vial, con lo cual la instalaci\u00f3n de este nuevo sem\u00e1foro, tiene que ver con eso, y habla de nuestra gesti\u00f3n, habla de hechos concretos, como siempre decimos. Este es el sem\u00e1foro n\u00famero 73, con 30 esquinas que ya hemos intervenido en lo que va de nuestra gesti\u00f3n\u00bb.<\/p>\n\n\n\n<p>\u00abEste lugar se ha vuelto muy transitado por el crecimiento del sector y las obras p\u00fablicas realizadas, primero con la pavimentaci\u00f3n de Avenida Alvear y luego, con la pavimentaci\u00f3n que ha finalizado hace muy poquito tiempo en Avenida La Plata\u201d, destac\u00f3 Petrecca y agreg\u00f3: \u00abSon dos arterias con mucho tr\u00e1nsito y de mucho crecimiento, es la uni\u00f3n de las dos y por eso era necesario este sem\u00e1foro. Adem\u00e1s circula el transporte p\u00fablico, y l\u00f3gicamente esto hace que el sector norte de la ciudad est\u00e9 en pleno crecimiento, lo cual nos pone muy contentos, realmente estamos muy felices, felices de poder dar cumplimiento a este pedido y, por supuesto, agradecerles a todos los que son parte de este trabajo\u201d.<\/p>\n\n\n\n<p>Al mismo tiempo, Petrecca reconoci\u00f3 el compromiso de la Asociaci\u00f3n Civil Estrellas Amarillas, del Foro de Seguridad Vial y de los fomentistas, y dijo: \u201cTodos ellos son parte del avance que est\u00e1 teniendo Jun\u00edn, la ciudad est\u00e1 en crecimiento y me detengo en lo que tiene que ver con la Seguridad Vial, donde, en primer lugar, creamos el Departamento de Educaci\u00f3n Vial, por medio de ordenanza, y el trabajo en conjunto con Estrellas Amarillas, adem\u00e1s la conformaci\u00f3n del Foro de Seguridad Vial, donde se analizan los distintos puntos conflictivos para poder intervenir y en ese marco, avanzar con la colocaci\u00f3n de sem\u00e1foros, marcaci\u00f3n de sendas peatonales, instalaci\u00f3n de carteler\u00eda, entre otras medidas\u00bb.<\/p>\n\n\n\n<p>Por \u00faltimo, haciendo menci\u00f3n al programa \u201cVoy Seguro\u201d, destac\u00f3 que \u201cmediante esta propuesta, ya se lleg\u00f3 a m\u00e1s de 74.000 alumnos en toda la ciudad, y eso nos pone muy contentos, sabemos que hay que seguir concientizando, porque nunca es suficiente, hay que seguir trabajando en pos de esto porque tienen que ver con cuidar la vida de los juninenses, este es el objetivo que tenemos como Gobierno\u201d.<\/p>\n\n\n\n<p>En continuidad, el Dr. Hugo Greco, presidente del Foro de Seguridad Vial, valor\u00f3: \u201cEsto para m\u00ed es una alegr\u00eda inmensa, y con doble valoraci\u00f3n, porque vivo a cuatro cuadras de este lugar, nac\u00ed en este barrio y ver la evoluci\u00f3n que tuvo en los \u00faltimos a\u00f1os es muy gratificante, todo el trabajo que se est\u00e1 haciendo el Gobierno de Jun\u00edn se nota, tienen sus resultados y hoy este sem\u00e1foro, que fue un pedido por una necesidad puntual, ya est\u00e1 colocado\u201d.<\/p>\n\n\n\n<p>\u201cPor el funcionamiento del Parque Industrial, Avenida Alvear tiene mucha cantidad de tr\u00e1nsito, esta avenida se volvi\u00f3 una arteria de salida y de entrada de much\u00edsimo tr\u00e1nsito, adem\u00e1s, se sum\u00f3 el a\u00f1o pasado la pavimentaci\u00f3n de Avenida La Plata, instalar este sem\u00e1foro era una necesidad que a todos los vecinos nos va a servir mucho, la solicitud la realizamos a partir del Foro de Seguridad Vial y ac\u00e1 estamos hoy, inaugurando el sem\u00e1foro, hay un Municipio que escucha las necesidades y trabaja para dar respuestas\u00bb, destac\u00f3.<\/p>\n\n\n\n<p>Por su parte, Julio Miguenz, presidente de la Federaci\u00f3n de Sociedades de Fomento, declar\u00f3: \u201cEste hecho lo estamos festejando todos, es una muy buena noticia, ver Avenida Alvear asfaltada, al igual que Avenida La Plata, para nosotros, los vecinos de cada uno de los barrios, es una alegr\u00eda y una satisfacci\u00f3n inmensa, ya que circulamos y transitamos por estas calles\u201d.<\/p>\n\n\n\n<p>En este sentido, Miguenz cont\u00f3 que \u201cun d\u00eda recib\u00ed un llamado de la Asociaci\u00f3n Civil Estrellas Amarillas, despu\u00e9s una solicitud de la Sociedad de Fomento Capilla de Loreto, nunca dudamos ni un minuto y trasladamos las inquietudes donde ten\u00edamos que trasladarlas, y hoy, la verdad que estamos muy felices de ver que el sem\u00e1foro ya est\u00e1 funcionando, y como siempre digo, confiamos en el valor de la palabra, cuando nos prometen y cumplen, festejamos todos y seguramente que vamos a festejar por muchos sem\u00e1foros m\u00e1s, todo por el bien de los vecinos\u201d.<\/p>\n\n\n\n<p>Para finalizar, M\u00f3nica Rustici, integrante de la Asociaci\u00f3n Civil de Estrellas Amarillas, reafirm\u00f3: \u201cEl Gobierno de Jun\u00edn tiene un fuerte compromiso con la seguridad vial, nosotros como grupo siempre vamos a acompa\u00f1ar en todo, porque en eso hacemos foco, nos dedicamos a concientizar y hacer visible todo lo que tenga que ver con esto, hoy se lleva a cabo una intervenci\u00f3n m\u00e1s para reafirmar este compromiso, estamos felices de que se logren todas estas obras porque ayudan mucho al reordenamiento de toda la comunidad\u201d<\/p>\n\n\n\n<p><\/p>\n","protected":false},"excerpt":{"rendered":"<p>\u201cEste es el sem\u00e1foro n\u00famero 73 que colocamos, ya son 30 las esquinas intervenidas en lo que va<\/p>\n","protected":false},"author":2,"featured_media":98,"comment_status":"open","ping_status":"open","sticky":false,"template":"","format":"standard","meta":{"footnotes":""},"categories":[4],"tags":[],"class_list":["post-97","post","type-post","status-publish","format-standard","has-post-thumbnail","hentry","category-junin"],"_links":{"self":[{"href":"http:\/\/ainewsopen.com.ar\/junin\/wp-json\/wp\/v2\/posts\/97","targetHints":{"allow":["GET"]}}],"collection":[{"href":"http:\/\/ainewsopen.com.ar\/junin\/wp-json\/wp\/v2\/posts"}],"about":[{"href":"http:\/\/ainewsopen.com.ar\/junin\/wp-json\/wp\/v2\/types\/post"}],"author":[{"embeddable":true,"href":"http:\/\/ainewsopen.com.ar\/junin\/wp-json\/wp\/v2\/users\/2"}],"replies":[{"embeddable":true,"href":"http:\/\/ainewsopen.com.ar\/junin\/wp-json\/wp\/v2\/comments?post=97"}],"version-history":[{"count":1,"href":"http:\/\/ainewsopen.com.ar\/junin\/wp-json\/wp\/v2\/posts\/97\/revisions"}],"predecessor-version":[{"id":99,"href":"http:\/\/ainewsopen.com.ar\/junin\/wp-json\/wp\/v2\/posts\/97\/revisions\/99"}],"wp:featuredmedia":[{"embeddable":true,"href":"http:\/\/ainewsopen.com.ar\/junin\/wp-json\/wp\/v2\/media\/98"}],"wp:attachment":[{"href":"http:\/\/ainewsopen.com.ar\/junin\/wp-json\/wp\/v2\/media?parent=97"}],"wp:term":[{"taxonomy":"category","embeddable":true,"href":"http:\/\/ainewsopen.com.ar\/junin\/wp-json\/wp\/v2\/categories?post=97"},{"taxonomy":"post_tag","embeddable":true,"href":"http:\/\/ainewsopen.com.ar\/junin\/wp-json\/wp\/v2\/tags?post=97"}],"curies":[{"name":"wp","href":"https:\/\/api.w.org\/{rel}","templated":true}]}}